{"id":1243,"date":"2016-03-11T12:28:58","date_gmt":"2016-03-11T15:28:58","guid":{"rendered":"https:\/\/blogs.correiobraziliense.com.br\/servidor\/?p=1243"},"modified":"2016-03-11T12:28:58","modified_gmt":"2016-03-11T15:28:58","slug":"criada-frente-parlamentar-em-defesa-do-fisco","status":"publish","type":"post","link":"https:\/\/blogs.correiobraziliense.com.br\/servidor\/criada-frente-parlamentar-em-defesa-do-fisco\/","title":{"rendered":"CRIADA FRENTE PARLAMENTAR EM DEFESA DO FISCO"},"content":{"rendered":"<p style=\"text-align: left\" align=\"center\"><em>A Frente foi criada com o objetivo de discutir quest\u00f5es que afetam o funcionamento da administra\u00e7\u00e3o tribut\u00e1ria no pa\u00eds, como autonomia e prerrogativas dos Fiscos, seguran\u00e7a funcional e condi\u00e7\u00f5es de trabalho dos auditores fiscais<\/em><\/p>\n<p style=\"text-align: left\" align=\"center\">A Associa\u00e7\u00e3o Nacional dos Auditores Fiscais da Receita (Anfip), participou, ontem, da instala\u00e7\u00e3o da Frente Parlamentar em Defesa do Fisco, na C\u00e2mara dos Deputados. O vice-presidente de Pol\u00edtica de Classe, Floriano Martins de S\u00e1 Neto, defendeu o fortalecimento do cargo de auditor fiscal, apoiou uma reforma tribut\u00e1ria que traga simplifica\u00e7\u00e3o e afirmou que a classe deve ser chamada a contribuir com solu\u00e7\u00f5es para o ajuste fiscal, tendo em vista que \u00e9 a atua\u00e7\u00e3o da categoria que garante recursos para a efetiva\u00e7\u00e3o das pol\u00edticas p\u00fablicas.<\/p>\n<p style=\"text-align: left\" align=\"center\">A frente foi criada a requerimento do deputado Cabo Sabino (PR-CE). A data de lan\u00e7amento oficial da Frente Parlamentar em Defesa do Fisco ser\u00e1 anunciada posteriormente, depois de a Mesa Diretora da C\u00e2mara dar publicidade \u00e0 instala\u00e7\u00e3o do colegiado. Veja\u00a0<a href=\"http:\/\/www.anfip.org.br\/publicacoes\/20160310165608_Frente-Parlamentar-em-Defesa-do-Fisco-Ata-e-Requerimento_10-03-2016_Frente-Parlamentar-em-Defesa-do-Fisco-Ata-e-requerimento.pdf\" target=\"_blank\">aqui<\/a>\u00a0a ata da reuni\u00e3o de cria\u00e7\u00e3o da Frente Parlamentar.<\/p>\n","protected":false},"excerpt":{"rendered":"<p>A Frente foi criada com o objetivo de discutir quest\u00f5es que afetam o funcionamento da administra\u00e7\u00e3o tribut\u00e1ria no pa\u00eds, como autonomia e prerrogativas dos Fiscos, seguran\u00e7a funcional e condi\u00e7\u00f5es de trabalho dos auditores fiscais A Associa\u00e7\u00e3o Nacional dos Auditores Fiscais da Receita (Anfip), participou, ontem, da instala\u00e7\u00e3o da Frente Parlamentar em Defesa do Fisco, na C\u00e2mara dos Deputados. O vice-presidente [&hellip;]<\/p>\n","protected":false},"author":27,"featured_media":0,"comment_status":"open","ping_status":"closed","sticky":false,"template":"","format":"standard","meta":{"footnotes":""},"categories":[1],"tags":[1306,771,1308,1303,1201,1305,247,1304,942,1309,1307],"class_list":["post-1243","post","type-post","status-publish","format-standard","hentry","category-sem-categoria","tag-adminsitracao","tag-anfip","tag-autonomia","tag-criada","tag-defesa","tag-discutir","tag-fisco","tag-frente-parlamentar","tag-funcionamento","tag-prerrogativas","tag-tributaria"],"_links":{"self":[{"href":"https:\/\/blogs.correiobraziliense.com.br\/servidor\/wp-json\/wp\/v2\/posts\/1243","targetHints":{"allow":["GET"]}}],"collection":[{"href":"https:\/\/blogs.correiobraziliense.com.br\/servidor\/wp-json\/wp\/v2\/posts"}],"about":[{"href":"https:\/\/blogs.correiobraziliense.com.br\/servidor\/wp-json\/wp\/v2\/types\/post"}],"author":[{"embeddable":true,"href":"https:\/\/blogs.correiobraziliense.com.br\/servidor\/wp-json\/wp\/v2\/users\/27"}],"replies":[{"embeddable":true,"href":"https:\/\/blogs.correiobraziliense.com.br\/servidor\/wp-json\/wp\/v2\/comments?post=1243"}],"version-history":[{"count":1,"href":"https:\/\/blogs.correiobraziliense.com.br\/servidor\/wp-json\/wp\/v2\/posts\/1243\/revisions"}],"predecessor-version":[{"id":1244,"href":"https:\/\/blogs.correiobraziliense.com.br\/servidor\/wp-json\/wp\/v2\/posts\/1243\/revisions\/1244"}],"wp:attachment":[{"href":"https:\/\/blogs.correiobraziliense.com.br\/servidor\/wp-json\/wp\/v2\/media?parent=1243"}],"wp:term":[{"taxonomy":"category","embeddable":true,"href":"https:\/\/blogs.correiobraziliense.com.br\/servidor\/wp-json\/wp\/v2\/categories?post=1243"},{"taxonomy":"post_tag","embeddable":true,"href":"https:\/\/blogs.correiobraziliense.com.br\/servidor\/wp-json\/wp\/v2\/tags?post=1243"}],"curies":[{"name":"wp","href":"https:\/\/api.w.org\/{rel}","templated":true}]}}