{"id":12390,"date":"2019-05-03T12:22:46","date_gmt":"2019-05-03T15:22:46","guid":{"rendered":"https:\/\/blogs.correiobraziliense.com.br\/servidor\/?p=12390"},"modified":"2019-05-03T12:22:46","modified_gmt":"2019-05-03T15:22:46","slug":"amb-participa-de-audiencia-publica-no-tse-para-defender-a-justica-eleitoral","status":"publish","type":"post","link":"https:\/\/blogs.correiobraziliense.com.br\/servidor\/amb-participa-de-audiencia-publica-no-tse-para-defender-a-justica-eleitoral\/","title":{"rendered":"AMB participa de audi\u00eancia p\u00fablica no TSE para defender a Justi\u00e7a Eleitoral"},"content":{"rendered":"<p><em>A Associa\u00e7\u00e3o dos Magistrados Brasileiros (AMB) defender\u00e1 a capacidade de a Justi\u00e7a Eleitoral processar e julgar os crimes comuns conexos com os delitos eleitorais, na forma como decidida pelo Supremo Tribunal Federal (STF)<\/em><\/p>\n<p>O Tribunal Superior Eleitoral (TSE) realiza, na manh\u00e3 desta sexta-feira (3), audi\u00eancia p\u00fablica para debater e coletar propostas que auxiliem o \u00f3rg\u00e3o no cumprimento da decis\u00e3o do Supremo Tribunal Federal (STF) de processar e julgar crimes comuns que apresentem conex\u00e3o com delitos eleitorais. A audi\u00eancia p\u00fablica ocorre no Audit\u00f3rio I do TSE, em Bras\u00edlia.<\/p>\n<p>Entidades representativas do Poder Judici\u00e1rio foram convidadas para contribuir com o debate. Para a Associa\u00e7\u00e3o dos Magistrados Brasileiros (AMB), a afirma\u00e7\u00e3o de que a decis\u00e3o do Supremo Tribunal Federal (STF) no inqu\u00e9rito 4.435 prejudica a Opera\u00e7\u00e3o Lava Jato porque a Justi\u00e7a Eleitoral n\u00e3o tem estrutura para julgar os crimes comuns \u00e9 equivocada.<\/p>\n<p>O presidente da AMB, Jayme de Oliveira, que falar\u00e1 na audi\u00eancia, destaca que o relat\u00f3rio Justi\u00e7a em N\u00fameros, do Conselho Nacional de Justi\u00e7a (CNJ), revela que a Justi\u00e7a Eleitoral \u00e9 a segunda maior estrutura entre os ramos do Judici\u00e1rio e tem o menor tempo m\u00e9dio para proferir senten\u00e7as, cerca de 10 meses, e o tempo m\u00e9dio para um processo ser baixado no primeiro grau \u00e9 de dois anos e nove meses, bem abaixo da m\u00e9dia nacional de tr\u00eas anos e oito meses, na \u00e1rea criminal.<\/p>\n<p>\u201cO \u00edndice de atendimento \u00e0 demanda \u00e9 o melhor de todos os ramos da Justi\u00e7a, de 297,7%, e a produtividade na Justi\u00e7a Eleitoral aumentou em 22% desde 2013\u201d, ressalta o magistrado. Para Jayme de Oliveira o trabalho dos ju\u00edzes estaduais que atuam na Justi\u00e7a Eleitoral \u00e9 de excel\u00eancia e ocorre por determina\u00e7\u00e3o da Constitui\u00e7\u00e3o Federal. \u201cS\u00e3o eles inamov\u00edveis e qualquer tentativa de afastar os ju\u00edzes estaduais ou substitu\u00ed-los por outros ju\u00edzes \u00e9 inconstitucional, conforme ali\u00e1s j\u00e1 decidiu o TSE\u201d, frisou. Jayme de Oliveira ressalta, ainda, que o combate \u00e0 corrup\u00e7\u00e3o \u00e9 tarefa de todos os magistrados brasileiros, nos termos da meta n\u00ba 4 do CNJ.<\/p>\n<p>\u201cAli\u00e1s, a respeito dessa meta, at\u00e9 2016 foram mais de 11 mil condena\u00e7\u00f5es de improbidade administrativa e destes 77% decorrem de atividade da Justi\u00e7a Estadual, com m\u00e9dia de 1,7 condenados por processo e condena\u00e7\u00f5es definitivas na ordem de 3,208 bilh\u00f5es, conforme estudos do Instituto N\u00e3o Aceito Corrup\u00e7\u00e3o e apresentados pelo Instituto Paulista de Magistrados (Ipam) \u201d, ressaltou.<\/p>\n","protected":false},"excerpt":{"rendered":"<p>A Associa\u00e7\u00e3o dos Magistrados Brasileiros (AMB) defender\u00e1 a capacidade de a Justi\u00e7a Eleitoral processar e julgar os crimes comuns conexos com os delitos eleitorais, na forma como decidida pelo Supremo Tribunal Federal (STF) O Tribunal Superior Eleitoral (TSE) realiza, na manh\u00e3 desta sexta-feira (3), audi\u00eancia p\u00fablica para debater e coletar propostas que auxiliem o \u00f3rg\u00e3o no cumprimento da decis\u00e3o do [&hellip;]<\/p>\n","protected":false},"author":27,"featured_media":0,"comment_status":"open","ping_status":"closed","sticky":false,"template":"","format":"standard","meta":{"footnotes":""},"categories":[2719],"tags":[1409,192,1642,10794,264,214,621,5567,34,2053],"class_list":["post-12390","post","type-post","status-publish","format-standard","hentry","category-servidor","tag-amb","tag-audiencia","tag-crimes","tag-delitos","tag-julgar","tag-justica-eleitoral","tag-magistrados","tag-processar","tag-stf","tag-tse"],"_links":{"self":[{"href":"https:\/\/blogs.correiobraziliense.com.br\/servidor\/wp-json\/wp\/v2\/posts\/12390","targetHints":{"allow":["GET"]}}],"collection":[{"href":"https:\/\/blogs.correiobraziliense.com.br\/servidor\/wp-json\/wp\/v2\/posts"}],"about":[{"href":"https:\/\/blogs.correiobraziliense.com.br\/servidor\/wp-json\/wp\/v2\/types\/post"}],"author":[{"embeddable":true,"href":"https:\/\/blogs.correiobraziliense.com.br\/servidor\/wp-json\/wp\/v2\/users\/27"}],"replies":[{"embeddable":true,"href":"https:\/\/blogs.correiobraziliense.com.br\/servidor\/wp-json\/wp\/v2\/comments?post=12390"}],"version-history":[{"count":1,"href":"https:\/\/blogs.correiobraziliense.com.br\/servidor\/wp-json\/wp\/v2\/posts\/12390\/revisions"}],"predecessor-version":[{"id":12391,"href":"https:\/\/blogs.correiobraziliense.com.br\/servidor\/wp-json\/wp\/v2\/posts\/12390\/revisions\/12391"}],"wp:attachment":[{"href":"https:\/\/blogs.correiobraziliense.com.br\/servidor\/wp-json\/wp\/v2\/media?parent=12390"}],"wp:term":[{"taxonomy":"category","embeddable":true,"href":"https:\/\/blogs.correiobraziliense.com.br\/servidor\/wp-json\/wp\/v2\/categories?post=12390"},{"taxonomy":"post_tag","embeddable":true,"href":"https:\/\/blogs.correiobraziliense.com.br\/servidor\/wp-json\/wp\/v2\/tags?post=12390"}],"curies":[{"name":"wp","href":"https:\/\/api.w.org\/{rel}","templated":true}]}}