{"id":1239,"date":"2016-03-11T12:10:51","date_gmt":"2016-03-11T15:10:51","guid":{"rendered":"https:\/\/blogs.correiobraziliense.com.br\/servidor\/?p=1239"},"modified":"2016-03-11T12:11:10","modified_gmt":"2016-03-11T15:11:10","slug":"inscricao-para-concurso-de-redacao-de-cartas-termina-na-proxima-semana","status":"publish","type":"post","link":"https:\/\/blogs.correiobraziliense.com.br\/servidor\/inscricao-para-concurso-de-redacao-de-cartas-termina-na-proxima-semana\/","title":{"rendered":"INSCRI\u00c7\u00c3O PARA CONCURSO DE REDA\u00c7\u00c3O DE CARTAS TERMINA NA PR\u00d3XIMA SEMANA"},"content":{"rendered":"<p><i>Podem participar estudantes de at\u00e9 15 anos de escolas p\u00fablicas e privadas de todo o pa\u00eds<\/i><\/p>\n<p>Falta uma semana para o fim das inscri\u00e7\u00f5es para o 45\u00ba Concurso Internacional de Reda\u00e7\u00e3o de Cartas, que v\u00e3o at\u00e9 o dia 17 de mar\u00e7o. O tema para este ano \u00e9 &#8220;Escreva uma carta a voc\u00ea mesmo aos 45 anos&#8221;. Podem participar estudantes de at\u00e9 15 anos de idade da rede p\u00fablica e privada de ensino.<\/p>\n<p>Realizado no Brasil pelos Correios, o concurso acontece em todo o mundo pela Uni\u00e3o Postal Universal \u2014 entidade que congrega os operadores postais de 191 pa\u00edses \u2014 com o objetivo de melhorar a alfabetiza\u00e7\u00e3o por meio da arte epistolar e incentivar crian\u00e7as e adolescentes a expressarem a criatividade e aprimorarem seus conhecimentos lingu\u00edsticos.<\/p>\n<p>As reda\u00e7\u00f5es devem ser redigidas de pr\u00f3prio punho, com caneta esferogr\u00e1fica preta ou azul e escritas em l\u00edngua portuguesa, contendo no m\u00e1ximo 900 palavras em formato de carta. Para participar, o estudante dever\u00e1 passar por uma sele\u00e7\u00e3o em sua escola, na qual ser\u00e1 escolhida a carta que ir\u00e1 represent\u00e1-la. Cada escola pode inscrever no m\u00e1ximo duas reda\u00e7\u00f5es.<\/p>\n<p>Ser\u00e3o realizadas duas fases: estadual e nacional. Na estadual, o autor da melhor reda\u00e7\u00e3o ganhar\u00e1 R$ 1.000. J\u00e1 na fase nacional, o vencedor ganhar\u00e1 R$ 5.000 e um trof\u00e9u, e sua reda\u00e7\u00e3o representar\u00e1 o Brasil na etapa internacional, a ser realizada pela Uni\u00e3o Postal Universal. As escolas tamb\u00e9m recebem pr\u00eamios: R$ 2.000 na fase estadual e R$ 10.000 na nacional.<\/p>\n<p>O regulamento completo do concurso est\u00e1 dispon\u00edvel no site dos Correios, no link: <a href=\"http:\/\/www.correios.com.br\/sobre-correios\/sustentabilidade\/vertente-social\/concurso-internacional-de-redacao-de-cartas\"> http:\/\/www.correios.com.br\/sobre-correios\/sustentabilidade\/vertente-social\/concurso-internacional-de-redacao-de-cartas<\/a><\/p>\n","protected":false},"excerpt":{"rendered":"<p>Podem participar estudantes de at\u00e9 15 anos de escolas p\u00fablicas e privadas de todo o pa\u00eds Falta uma semana para o fim das inscri\u00e7\u00f5es para o 45\u00ba Concurso Internacional de Reda\u00e7\u00e3o de Cartas, que v\u00e3o at\u00e9 o dia 17 de mar\u00e7o. O tema para este ano \u00e9 &#8220;Escreva uma carta a voc\u00ea mesmo aos 45 anos&#8221;. Podem participar estudantes de [&hellip;]<\/p>\n","protected":false},"author":27,"featured_media":0,"comment_status":"open","ping_status":"closed","sticky":false,"template":"","format":"standard","meta":{"footnotes":""},"categories":[1],"tags":[1293,93,20,1297,1296,1163,1291,1295,1292,1294],"class_list":["post-1239","post","type-post","status-publish","format-standard","hentry","category-sem-categoria","tag-cartas","tag-concurso","tag-correios","tag-criatividade","tag-ensino","tag-estudantes","tag-inscricao","tag-privada","tag-redacao","tag-rede-publica"],"_links":{"self":[{"href":"https:\/\/blogs.correiobraziliense.com.br\/servidor\/wp-json\/wp\/v2\/posts\/1239","targetHints":{"allow":["GET"]}}],"collection":[{"href":"https:\/\/blogs.correiobraziliense.com.br\/servidor\/wp-json\/wp\/v2\/posts"}],"about":[{"href":"https:\/\/blogs.correiobraziliense.com.br\/servidor\/wp-json\/wp\/v2\/types\/post"}],"author":[{"embeddable":true,"href":"https:\/\/blogs.correiobraziliense.com.br\/servidor\/wp-json\/wp\/v2\/users\/27"}],"replies":[{"embeddable":true,"href":"https:\/\/blogs.correiobraziliense.com.br\/servidor\/wp-json\/wp\/v2\/comments?post=1239"}],"version-history":[{"count":1,"href":"https:\/\/blogs.correiobraziliense.com.br\/servidor\/wp-json\/wp\/v2\/posts\/1239\/revisions"}],"predecessor-version":[{"id":1240,"href":"https:\/\/blogs.correiobraziliense.com.br\/servidor\/wp-json\/wp\/v2\/posts\/1239\/revisions\/1240"}],"wp:attachment":[{"href":"https:\/\/blogs.correiobraziliense.com.br\/servidor\/wp-json\/wp\/v2\/media?parent=1239"}],"wp:term":[{"taxonomy":"category","embeddable":true,"href":"https:\/\/blogs.correiobraziliense.com.br\/servidor\/wp-json\/wp\/v2\/categories?post=1239"},{"taxonomy":"post_tag","embeddable":true,"href":"https:\/\/blogs.correiobraziliense.com.br\/servidor\/wp-json\/wp\/v2\/tags?post=1239"}],"curies":[{"name":"wp","href":"https:\/\/api.w.org\/{rel}","templated":true}]}}