{"id":12388,"date":"2019-05-02T19:45:46","date_gmt":"2019-05-02T22:45:46","guid":{"rendered":"https:\/\/blogs.correiobraziliense.com.br\/servidor\/?p=12388"},"modified":"2019-05-02T19:45:46","modified_gmt":"2019-05-02T22:45:46","slug":"previc-define-taxa-real-anual-de-juros-para-avaliacao-atuarial-de-2019","status":"publish","type":"post","link":"https:\/\/blogs.correiobraziliense.com.br\/servidor\/previc-define-taxa-real-anual-de-juros-para-avaliacao-atuarial-de-2019\/","title":{"rendered":"Previc define taxa real anual de juros para avalia\u00e7\u00e3o atuarial de 2019"},"content":{"rendered":"<p>A Superintend\u00eancia Nacional de Previd\u00eancia Complementar (Previc) divulgou a Estrutura a Termo de Taxa de juros (ETTJ) m\u00e9dia para o exerc\u00edcio de 2019, conforme prev\u00ea a Instru\u00e7\u00e3o Previc n\u00ba 10\/2018<\/p>\n<p>As taxas desse ano est\u00e3o menores que a de 2018, em consequ\u00eancia da queda da Taxa B\u00e1sica de Juros (Selic). A Previc informou que &#8220;s\u00e3o esperadas quedas mais expressivas para os pr\u00f3ximos anos, refletindo o movimento de redu\u00e7\u00e3o do juro real na economia brasileira&#8221;. A Portaria 300\/2019 d\u00e1 as regras a serem observadas para defini\u00e7\u00e3o da taxa de juros atuarial de 2019.<\/p>\n<p>Com as altera\u00e7\u00f5es da Resolu\u00e7\u00e3o CNPC n\u00b0 30\/2018, as taxas divulgadas correspondem \u00e0 m\u00e9dia dos \u00faltimos cinco anos das ETTJ di\u00e1rias, em vez dos tr\u00eas anos anteriores, e tem por base os t\u00edtulos p\u00fablicos federais indexados ao \u00cdndice de Pre\u00e7os ao Consumidor Amplo (IPCA). A taxa a ser aplicada pela entidade deve se situar no intervalo definido pelos limites inferior e superior, os quais dependem da dura\u00e7\u00e3o do passivo do plano de benef\u00edcios. As taxas aplic\u00e1veis a cada plano, de acordo com a dura\u00e7\u00e3o do seu passivo, est\u00e3o na tabela anexa \u00e0 Portaria.<\/p>\n<p>Por exemplo, um plano com uma dura\u00e7\u00e3o de 10 anos utilizar\u00e1 uma taxa par\u00e2metro de 5,84%, ante uma taxa de 5,99% em 2018. De maneira geral, houve uma redu\u00e7\u00e3o nas taxas par\u00e2metro em rela\u00e7\u00e3o ao ano anterior, e s\u00e3o esperadas quedas mais expressivas para os pr\u00f3ximos anos, refletindo o movimento de redu\u00e7\u00e3o do juro real na economia brasileira.<\/p>\n<p>Clique para acessar a Portaria n\u00ba 300\/2019, que divulga a Estrutura a Termo de Taxa de Juros M\u00e9dia, para o exerc\u00edcio de 2019.<\/p>\n","protected":false},"excerpt":{"rendered":"<p>A Superintend\u00eancia Nacional de Previd\u00eancia Complementar (Previc) divulgou a Estrutura a Termo de Taxa de juros (ETTJ) m\u00e9dia para o exerc\u00edcio de 2019, conforme prev\u00ea a Instru\u00e7\u00e3o Previc n\u00ba 10\/2018 As taxas desse ano est\u00e3o menores que a de 2018, em consequ\u00eancia da queda da Taxa B\u00e1sica de Juros (Selic). A Previc informou que &#8220;s\u00e3o esperadas quedas mais expressivas para [&hellip;]<\/p>\n","protected":false},"author":27,"featured_media":0,"comment_status":"open","ping_status":"closed","sticky":false,"template":"","format":"standard","meta":{"footnotes":""},"categories":[2719],"tags":[2486,863,4978,15107],"class_list":["post-12388","post","type-post","status-publish","format-standard","hentry","category-servidor","tag-atuarial","tag-avaliacao","tag-previc","tag-taxa-real"],"_links":{"self":[{"href":"https:\/\/blogs.correiobraziliense.com.br\/servidor\/wp-json\/wp\/v2\/posts\/12388","targetHints":{"allow":["GET"]}}],"collection":[{"href":"https:\/\/blogs.correiobraziliense.com.br\/servidor\/wp-json\/wp\/v2\/posts"}],"about":[{"href":"https:\/\/blogs.correiobraziliense.com.br\/servidor\/wp-json\/wp\/v2\/types\/post"}],"author":[{"embeddable":true,"href":"https:\/\/blogs.correiobraziliense.com.br\/servidor\/wp-json\/wp\/v2\/users\/27"}],"replies":[{"embeddable":true,"href":"https:\/\/blogs.correiobraziliense.com.br\/servidor\/wp-json\/wp\/v2\/comments?post=12388"}],"version-history":[{"count":1,"href":"https:\/\/blogs.correiobraziliense.com.br\/servidor\/wp-json\/wp\/v2\/posts\/12388\/revisions"}],"predecessor-version":[{"id":12389,"href":"https:\/\/blogs.correiobraziliense.com.br\/servidor\/wp-json\/wp\/v2\/posts\/12388\/revisions\/12389"}],"wp:attachment":[{"href":"https:\/\/blogs.correiobraziliense.com.br\/servidor\/wp-json\/wp\/v2\/media?parent=12388"}],"wp:term":[{"taxonomy":"category","embeddable":true,"href":"https:\/\/blogs.correiobraziliense.com.br\/servidor\/wp-json\/wp\/v2\/categories?post=12388"},{"taxonomy":"post_tag","embeddable":true,"href":"https:\/\/blogs.correiobraziliense.com.br\/servidor\/wp-json\/wp\/v2\/tags?post=12388"}],"curies":[{"name":"wp","href":"https:\/\/api.w.org\/{rel}","templated":true}]}}