{"id":12377,"date":"2019-05-02T17:06:33","date_gmt":"2019-05-02T20:06:33","guid":{"rendered":"https:\/\/blogs.correiobraziliense.com.br\/servidor\/?p=12377"},"modified":"2019-05-02T17:07:14","modified_gmt":"2019-05-02T20:07:14","slug":"campanha-adotareamor-2019-comeca-nas-redes-sociais-nesta-quinta","status":"publish","type":"post","link":"https:\/\/blogs.correiobraziliense.com.br\/servidor\/campanha-adotareamor-2019-comeca-nas-redes-sociais-nesta-quinta\/","title":{"rendered":"Campanha #Adotar\u00c9Amor 2019 come\u00e7a nas redes sociais nesta quinta"},"content":{"rendered":"<p><em>Come\u00e7a nesta quinta-feira (2\/5) a campanha #Adotar\u00c9Amor 2019, do Conselho Nacional de Justi\u00e7a (CNJ), nas redes sociais &#8211; Facebook, Twitter e Instagram<\/em><\/p>\n<p><img loading=\"lazy\" decoding=\"async\" class=\"alignright size-full wp-image-12378\" src=\"https:\/\/blogs.correiobraziliense.com.br\/servidor\/wp-content\/uploads\/sites\/10\/2019\/05\/adotar-\u00e9-amor.jpg\" alt=\"\" width=\"639\" height=\"285\" srcset=\"https:\/\/blogs.correiobraziliense.com.br\/servidor\/wp-content\/uploads\/sites\/10\/2019\/05\/adotar-\u00e9-amor.jpg 639w, https:\/\/blogs.correiobraziliense.com.br\/servidor\/wp-content\/uploads\/sites\/10\/2019\/05\/adotar-\u00e9-amor-300x134.jpg 300w, https:\/\/blogs.correiobraziliense.com.br\/servidor\/wp-content\/uploads\/sites\/10\/2019\/05\/adotar-\u00e9-amor-350x156.jpg 350w, https:\/\/blogs.correiobraziliense.com.br\/servidor\/wp-content\/uploads\/sites\/10\/2019\/05\/adotar-\u00e9-amor-550x245.jpg 550w, https:\/\/blogs.correiobraziliense.com.br\/servidor\/wp-content\/uploads\/sites\/10\/2019\/05\/adotar-\u00e9-amor-230x103.jpg 230w\" sizes=\"auto, (max-width: 639px) 100vw, 639px\" \/><\/p>\n<p>A iniciativa celebra o Dia Nacional da Ado\u00e7\u00e3o, comemorado em 25 de maio. O objetivo \u00e9 dar visibilidade, durante todo o m\u00eas, \u00e0 ado\u00e7\u00e3o de crian\u00e7as e adolescentes, por meio de hist\u00f3rias compartilhadas e com a participa\u00e7\u00e3o dos \u00f3rg\u00e3os do Poder Judici\u00e1rio e de toda a sociedade, de acordo com o CNJ<\/p>\n<p>Este \u00e9 o terceiro ano que o CNJ faz a campanha por meio da hashtag #Adotar\u00c9Amor. Est\u00e3o programadas duas grandes a\u00e7\u00f5es digitais: na primeira, marcada para as 10h desta quinta-feira, os perfis do CNJ e dos parceiros nas redes sociais v\u00e3o publicar a mesma imagem e texto com o mote \u201cAmor que completa\u201d. A a\u00e7\u00e3o divulga o Cadastro Nacional de Ado\u00e7\u00e3o (CNA) e afirma que \u201cacolher, de forma espont\u00e2nea, uma pessoa como integrante da sua fam\u00edlia \u00e9 um verdadeiro ato de amor e, muitas vezes, \u00e9 aquela pecinha que faltava para a vida ficar mais feliz\u201d. O post divulga o link da p\u00e1gina do CNA no portal do CNJ, que d\u00e1 acesso a v\u00e1rias informa\u00e7\u00f5es sobre ado\u00e7\u00e3o no Brasil.<\/p>\n<p>A segunda a\u00e7\u00e3o \u00e9 um \u201ctuita\u00e7o\u201d, marcado para o dia 25 de maio, \u00e0s 10h, inundando o Twitter com a hashtag #Adotar\u00c9Amor. Para tal, foram preparados diversos conte\u00fados e imagens para divulgar a campanha e est\u00e3o dispon\u00edveis mensagens direcionadas para perfis do Twitter que queiram se engajar na campanha. O material pode ser acessado e baixado na p\u00e1gina do CNA.<\/p>\n<p><strong>Sensibiliza\u00e7\u00e3o<\/strong><\/p>\n<p>Em 2018, a campanha #Adotar\u00c9Amor chegou a figurar em segundo lugar nos Trending Topic Brasil no Twitter, sendo um dos assuntos mais comentados no Dia Nacional da Ado\u00e7\u00e3o. Muitas figuras p\u00fablicas, como atores, jornalistas e cantores participaram do movimento, contribuindo com suas hist\u00f3rias pessoais e divulgando a iniciativa do CNJ.<\/p>\n<p>Criado em 2008 pela Resolu\u00e7\u00e3o 54, o CNA tem o objetivo de facilitar os processos de ado\u00e7\u00e3o e ampliar as possibilidades de correspond\u00eancia mais afinadas entre as crian\u00e7as e as futuras fam\u00edlias. O CNA passa por atualiza\u00e7\u00e3o, mas j\u00e1 est\u00e1 pronto para a migra\u00e7\u00e3o para o servidor do CNJ, o que vai permitir que mais varas judiciais em mais estados possam come\u00e7ar a utilizar a ferramenta aprimorada.<\/p>\n<p>Segundo os dados estat\u00edsticos do Cadastro, at\u00e9 o final de abril, havia mais de 45.900 pretendentes, e mais de 9.500 crian\u00e7as dispon\u00edveis para ado\u00e7\u00e3o. Do total de crian\u00e7as, 67,6% t\u00eam idade entre sete e 17 anos; 49,5% s\u00e3o pardas; 55,34% t\u00eam irm\u00e3os; e 25% possuem algum problema de sa\u00fade.<\/p>\n","protected":false},"excerpt":{"rendered":"<p>Come\u00e7a nesta quinta-feira (2\/5) a campanha #Adotar\u00c9Amor 2019, do Conselho Nacional de Justi\u00e7a (CNJ), nas redes sociais &#8211; Facebook, Twitter e Instagram A iniciativa celebra o Dia Nacional da Ado\u00e7\u00e3o, comemorado em 25 de maio. O objetivo \u00e9 dar visibilidade, durante todo o m\u00eas, \u00e0 ado\u00e7\u00e3o de crian\u00e7as e adolescentes, por meio de hist\u00f3rias compartilhadas e com a participa\u00e7\u00e3o dos [&hellip;]<\/p>\n","protected":false},"author":27,"featured_media":0,"comment_status":"open","ping_status":"closed","sticky":false,"template":"","format":"standard","meta":{"footnotes":""},"categories":[2719],"tags":[15098,6528,305,5620,254,4017,15099,15100,2610,2888,3891,13750,10208,4284,10866,15102,1083,616,15101,4426],"class_list":["post-12377","post","type-post","status-publish","format-standard","hentry","category-servidor","tag-adotareamor-2019","tag-adolescentes","tag-campanha","tag-cna","tag-cnj","tag-criancas","tag-dia-nacional-da-adocao","tag-digial","tag-estatisticas","tag-facebook","tag-idades","tag-instagran","tag-irmaos","tag-parceiro","tag-pardas","tag-pretendentes","tag-redes-sociais","tag-saude","tag-tuitaco","tag-twitter"],"_links":{"self":[{"href":"https:\/\/blogs.correiobraziliense.com.br\/servidor\/wp-json\/wp\/v2\/posts\/12377","targetHints":{"allow":["GET"]}}],"collection":[{"href":"https:\/\/blogs.correiobraziliense.com.br\/servidor\/wp-json\/wp\/v2\/posts"}],"about":[{"href":"https:\/\/blogs.correiobraziliense.com.br\/servidor\/wp-json\/wp\/v2\/types\/post"}],"author":[{"embeddable":true,"href":"https:\/\/blogs.correiobraziliense.com.br\/servidor\/wp-json\/wp\/v2\/users\/27"}],"replies":[{"embeddable":true,"href":"https:\/\/blogs.correiobraziliense.com.br\/servidor\/wp-json\/wp\/v2\/comments?post=12377"}],"version-history":[{"count":2,"href":"https:\/\/blogs.correiobraziliense.com.br\/servidor\/wp-json\/wp\/v2\/posts\/12377\/revisions"}],"predecessor-version":[{"id":12380,"href":"https:\/\/blogs.correiobraziliense.com.br\/servidor\/wp-json\/wp\/v2\/posts\/12377\/revisions\/12380"}],"wp:attachment":[{"href":"https:\/\/blogs.correiobraziliense.com.br\/servidor\/wp-json\/wp\/v2\/media?parent=12377"}],"wp:term":[{"taxonomy":"category","embeddable":true,"href":"https:\/\/blogs.correiobraziliense.com.br\/servidor\/wp-json\/wp\/v2\/categories?post=12377"},{"taxonomy":"post_tag","embeddable":true,"href":"https:\/\/blogs.correiobraziliense.com.br\/servidor\/wp-json\/wp\/v2\/tags?post=12377"}],"curies":[{"name":"wp","href":"https:\/\/api.w.org\/{rel}","templated":true}]}}