{"id":12375,"date":"2019-05-02T16:22:21","date_gmt":"2019-05-02T19:22:21","guid":{"rendered":"https:\/\/blogs.correiobraziliense.com.br\/servidor\/?p=12375"},"modified":"2019-05-02T16:22:21","modified_gmt":"2019-05-02T19:22:21","slug":"cnj-corregedoria-fara-inspecao-no-rio-de-janeiro-de-6-a-10-de-maio","status":"publish","type":"post","link":"https:\/\/blogs.correiobraziliense.com.br\/servidor\/cnj-corregedoria-fara-inspecao-no-rio-de-janeiro-de-6-a-10-de-maio\/","title":{"rendered":"CNJ &#8211; Corregedoria far\u00e1 inspe\u00e7\u00e3o no Rio de Janeiro de 6 a 10 de maio"},"content":{"rendered":"<p><em>No dia 6 de maio, a partir das 16h, o corregedor nacional de Justi\u00e7a, ministro Humberto Martins, far\u00e1 atendimento ao p\u00fablico, nas salas 333 e 334 do F\u00f3rum Central do TJRJ. Cidad\u00e3os poder\u00e3o fazer reclama\u00e7\u00f5es, pedir informa\u00e7\u00f5es ou sugerir melhorias para o servi\u00e7o jurisdicional no estado<\/em><\/p>\n<p>A Corregedoria Nacional de Justi\u00e7a faz, na pr\u00f3xima semana, os trabalhos de inspe\u00e7\u00e3o ordin\u00e1ria no Tribunal de Justi\u00e7a do Rio de Janeiro (TJRJ), seguindo o calend\u00e1rio divulgado no in\u00edcio da gest\u00e3o do corregedor do Conselho Nacional de Justi\u00e7a (CNJ), ministro Humberto Martins.<\/p>\n<p>A inspe\u00e7\u00e3o consta da Portaria n\u00ba12 da Corregedoria Nacional de Justi\u00e7a, de 2 de abril de 2019. No per\u00edodo de 6 a 10 de maio, ser\u00e3o fiscalizados os setores administrativos e judiciais da Justi\u00e7a comum estadual de segundo grau de jurisdi\u00e7\u00e3o do TJRJ e serventias extrajudiciais do Rio de Janeiro.<\/p>\n<p>Comp\u00f5em a equipe da corregedoria a desembargadora federal Daldice Maria Santana de Almeida, conselheira do Conselho Nacional de Justi\u00e7a; os ju\u00edzes federais Marcio Luiz Coelho de Freitas e Miguel \u00c2ngelo Alvarenga Lopes, ambos do Tribunal Regional Federal da 1\u00aa Regi\u00e3o (DF), a ju\u00edza Federal Kelly Cristina Oliveira Costa, do Tribunal Regional Federal da 2\u00aa Regi\u00e3o (RJ); o juiz de direito Daniel C\u00e1rnio Costa, do Tribunal de Justi\u00e7a do Estado de S\u00e3o Paulo; o juiz de direito Jorsenildo Dourado do Nascimento, do Tribunal de Justi\u00e7a do Estado do Amazonas; a ju\u00edza de direito Nartir Dantas Weber, do Tribunal de Justi\u00e7a do Estado da Bahia, al\u00e9m de doze servidores.<\/p>\n<p><strong>Atendimento ao p\u00fablico<\/strong><\/p>\n<p>No dia 6 de maio, a partir das 16h, o corregedor nacional de Justi\u00e7a, ministro Humberto Martins, far\u00e1 atendimento ao p\u00fablico, nas salas 333 e 334 do F\u00f3rum Central do TJRJ. Na oportunidade, os cidad\u00e3os poder\u00e3o fazer reclama\u00e7\u00f5es, solicitar informa\u00e7\u00f5es ou sugerir melhorias para o servi\u00e7o jurisdicional no estado.<\/p>\n<p>Na gest\u00e3o de Humberto Martins, j\u00e1 foram inspecionados os tribunais de Justi\u00e7a de Sergipe, Piau\u00ed, Amap\u00e1, Distrito Federal, Rio Grande do Norte, Esp\u00edrito Santo, Alagoas, Maranh\u00e3o e Pernambuco.<\/p>\n","protected":false},"excerpt":{"rendered":"<p>No dia 6 de maio, a partir das 16h, o corregedor nacional de Justi\u00e7a, ministro Humberto Martins, far\u00e1 atendimento ao p\u00fablico, nas salas 333 e 334 do F\u00f3rum Central do TJRJ. Cidad\u00e3os poder\u00e3o fazer reclama\u00e7\u00f5es, pedir informa\u00e7\u00f5es ou sugerir melhorias para o servi\u00e7o jurisdicional no estado A Corregedoria Nacional de Justi\u00e7a faz, na pr\u00f3xima semana, os trabalhos de inspe\u00e7\u00e3o ordin\u00e1ria [&hellip;]<\/p>\n","protected":false},"author":27,"featured_media":0,"comment_status":"open","ping_status":"closed","sticky":false,"template":"","format":"standard","meta":{"footnotes":""},"categories":[2719],"tags":[1213,254,2624,501,4186,260,5734,5330],"class_list":["post-12375","post","type-post","status-publish","format-standard","hentry","category-servidor","tag-cidadaos","tag-cnj","tag-corregedoria","tag-forum","tag-inspecao","tag-justica","tag-serventias","tag-tjrj"],"_links":{"self":[{"href":"https:\/\/blogs.correiobraziliense.com.br\/servidor\/wp-json\/wp\/v2\/posts\/12375","targetHints":{"allow":["GET"]}}],"collection":[{"href":"https:\/\/blogs.correiobraziliense.com.br\/servidor\/wp-json\/wp\/v2\/posts"}],"about":[{"href":"https:\/\/blogs.correiobraziliense.com.br\/servidor\/wp-json\/wp\/v2\/types\/post"}],"author":[{"embeddable":true,"href":"https:\/\/blogs.correiobraziliense.com.br\/servidor\/wp-json\/wp\/v2\/users\/27"}],"replies":[{"embeddable":true,"href":"https:\/\/blogs.correiobraziliense.com.br\/servidor\/wp-json\/wp\/v2\/comments?post=12375"}],"version-history":[{"count":1,"href":"https:\/\/blogs.correiobraziliense.com.br\/servidor\/wp-json\/wp\/v2\/posts\/12375\/revisions"}],"predecessor-version":[{"id":12376,"href":"https:\/\/blogs.correiobraziliense.com.br\/servidor\/wp-json\/wp\/v2\/posts\/12375\/revisions\/12376"}],"wp:attachment":[{"href":"https:\/\/blogs.correiobraziliense.com.br\/servidor\/wp-json\/wp\/v2\/media?parent=12375"}],"wp:term":[{"taxonomy":"category","embeddable":true,"href":"https:\/\/blogs.correiobraziliense.com.br\/servidor\/wp-json\/wp\/v2\/categories?post=12375"},{"taxonomy":"post_tag","embeddable":true,"href":"https:\/\/blogs.correiobraziliense.com.br\/servidor\/wp-json\/wp\/v2\/tags?post=12375"}],"curies":[{"name":"wp","href":"https:\/\/api.w.org\/{rel}","templated":true}]}}