{"id":12369,"date":"2019-05-01T22:13:32","date_gmt":"2019-05-02T01:13:32","guid":{"rendered":"https:\/\/blogs.correiobraziliense.com.br\/servidor\/?p=12369"},"modified":"2019-05-01T22:29:13","modified_gmt":"2019-05-02T01:29:13","slug":"lancamento-nacional-da-abed","status":"publish","type":"post","link":"https:\/\/blogs.correiobraziliense.com.br\/servidor\/lancamento-nacional-da-abed\/","title":{"rendered":"Lan\u00e7amento nacional da Abed"},"content":{"rendered":"<p><em>A Associa\u00e7\u00e3o dos Economistas pela Democracia (Abed) ser\u00e1 lan\u00e7ada, nacionalmente, no pr\u00f3ximo dia 7 de maio, no Sal\u00e3o Nobre da C\u00e2mara dos Deputados, \u00e0s 10 horas<\/em><\/p>\n<p>Na solenidade, a associa\u00e7\u00e3o informa que vai declarar o compromisso p\u00fablico com a luta pela democracia, na presen\u00e7a de representantes das lideran\u00e7as na C\u00e2mara e no Senado, de conselhos profissionais e de sindicatos e de entidades civis que tamb\u00e9m lutam pelos direitos pol\u00edticos e sociais da popula\u00e7\u00e3o brasileira.<\/p>\n<p>A Abed se apresenta como entidade que congrega economistas e profissionais afins, comprometidos com a promo\u00e7\u00e3o da democracia em todo o Brasil, com a defesa do sistema de prote\u00e7\u00e3o social e de direitos do cidad\u00e3o conquistados na Constitui\u00e7\u00e3o Federal de 1988 e com a luta pela constru\u00e7\u00e3o de uma na\u00e7\u00e3o inclusiva, solid\u00e1ria, equitativa e soberana.<\/p>\n<p>As a\u00e7\u00f5es da Abed s\u00e3o tamb\u00e9m em defesa do desenvolvimento, para a supera\u00e7\u00e3o da profunda desigualdade social brasileira, para a revers\u00e3o dos processos de degrada\u00e7\u00e3o do meio ambiente e para a estrutura\u00e7\u00e3o de caminhos alternativos que assegurem a soberania do pa\u00eds e abram perspectivas de afirma\u00e7\u00e3o do Brasil no cen\u00e1rio internacional. &#8220;Por isso, se contrap\u00f5e \u00e0s ideias neoliberais e conservadoras que est\u00e3o crescendo no Brasil e no mundo&#8221;, destacam os organizadores.<\/p>\n<p>A Abed est\u00e1 organizada em S\u00e3o Paulo, Rio de Janeiro, Minas Gerais, Alagoas, Bahia, Pernambuco, Sergipe, Amazonas, Par\u00e1, Paran\u00e1 e no Distrito Federal e em fase de estrutura\u00e7\u00e3o em outros oito estados. A meta da associa\u00e7\u00e3o \u00e9 de alcan\u00e7ar todas as unidades federadas at\u00e9 o final de 2020. A associa\u00e7\u00e3o ultrapassou fronteiras e j\u00e1 conta com representa\u00e7\u00f5es nos Estados Unidos e na Europa (Fran\u00e7a e Portugal), agregando economistas que estudam, trabalham ou moram no exterior, mas querem exercer o importante papel que os economistas possuem no processo de desenvolvimento e constru\u00e7\u00e3o do pa\u00eds.<\/p>\n","protected":false},"excerpt":{"rendered":"<p>A Associa\u00e7\u00e3o dos Economistas pela Democracia (Abed) ser\u00e1 lan\u00e7ada, nacionalmente, no pr\u00f3ximo dia 7 de maio, no Sal\u00e3o Nobre da C\u00e2mara dos Deputados, \u00e0s 10 horas Na solenidade, a associa\u00e7\u00e3o informa que vai declarar o compromisso p\u00fablico com a luta pela democracia, na presen\u00e7a de representantes das lideran\u00e7as na C\u00e2mara e no Senado, de conselhos profissionais e de sindicatos e [&hellip;]<\/p>\n","protected":false},"author":27,"featured_media":0,"comment_status":"open","ping_status":"closed","sticky":false,"template":"","format":"standard","meta":{"footnotes":""},"categories":[2719],"tags":[15093,1531,1316,2584,4053,6115,116,1941,15094,2602,545,696,3801,3859],"class_list":["post-12369","post","type-post","status-publish","format-standard","hentry","category-servidor","tag-abede","tag-camara-dos-deputados","tag-cidadao","tag-constituicao","tag-democracia","tag-desigualdade","tag-direito","tag-economistas","tag-entidades-civis","tag-meio-ambiente","tag-populacao","tag-senado","tag-sindicatos","tag-soberania"],"_links":{"self":[{"href":"https:\/\/blogs.correiobraziliense.com.br\/servidor\/wp-json\/wp\/v2\/posts\/12369","targetHints":{"allow":["GET"]}}],"collection":[{"href":"https:\/\/blogs.correiobraziliense.com.br\/servidor\/wp-json\/wp\/v2\/posts"}],"about":[{"href":"https:\/\/blogs.correiobraziliense.com.br\/servidor\/wp-json\/wp\/v2\/types\/post"}],"author":[{"embeddable":true,"href":"https:\/\/blogs.correiobraziliense.com.br\/servidor\/wp-json\/wp\/v2\/users\/27"}],"replies":[{"embeddable":true,"href":"https:\/\/blogs.correiobraziliense.com.br\/servidor\/wp-json\/wp\/v2\/comments?post=12369"}],"version-history":[{"count":2,"href":"https:\/\/blogs.correiobraziliense.com.br\/servidor\/wp-json\/wp\/v2\/posts\/12369\/revisions"}],"predecessor-version":[{"id":12371,"href":"https:\/\/blogs.correiobraziliense.com.br\/servidor\/wp-json\/wp\/v2\/posts\/12369\/revisions\/12371"}],"wp:attachment":[{"href":"https:\/\/blogs.correiobraziliense.com.br\/servidor\/wp-json\/wp\/v2\/media?parent=12369"}],"wp:term":[{"taxonomy":"category","embeddable":true,"href":"https:\/\/blogs.correiobraziliense.com.br\/servidor\/wp-json\/wp\/v2\/categories?post=12369"},{"taxonomy":"post_tag","embeddable":true,"href":"https:\/\/blogs.correiobraziliense.com.br\/servidor\/wp-json\/wp\/v2\/tags?post=12369"}],"curies":[{"name":"wp","href":"https:\/\/api.w.org\/{rel}","templated":true}]}}