{"id":12365,"date":"2019-05-01T19:13:18","date_gmt":"2019-05-01T22:13:18","guid":{"rendered":"https:\/\/blogs.correiobraziliense.com.br\/servidor\/?p=12365"},"modified":"2019-05-01T19:13:18","modified_gmt":"2019-05-01T22:13:18","slug":"o-futuro-da-classe-trabalhadora","status":"publish","type":"post","link":"https:\/\/blogs.correiobraziliense.com.br\/servidor\/o-futuro-da-classe-trabalhadora\/","title":{"rendered":"O futuro da classe trabalhadora"},"content":{"rendered":"<p><em>&#8220;O s\u00e9culo XX apresentou muitos avan\u00e7os para o setor trabalhista de diversos locais, incluindo o Brasil. Por\u00e9m, a situa\u00e7\u00e3o atual do pa\u00eds, para alguns, \u00e9 pouco animadora, em decorr\u00eancia de crises econ\u00f4micas, pol\u00edticas e sociais&#8221;<\/em><\/p>\n<p><strong><em>*Renato Ladeia<\/em><\/strong><\/p>\n<p>O Dia do Trabalho, comemorado no dia 1\u00ba de maio, simboliza a luta dos trabalhadores pela afirma\u00e7\u00e3o dos direitos \u00e0 dignidade humana. A data foi estabelecida em refer\u00eancia a uma manifesta\u00e7\u00e3o oper\u00e1ria ocorrida em 1886, na cidade de Chicago, nos Estados Unidos. Para expor o inconformismo com a explora\u00e7\u00e3o sofrida, os trabalhadores organizaram uma greve geral no pa\u00eds e reivindicaram a diminui\u00e7\u00e3o da carga hor\u00e1ria de trabalho, que deveria passar de 13 para 8 horas di\u00e1rias. A manifesta\u00e7\u00e3o, que come\u00e7ou pac\u00edfica, logo tomou ares conflituosos, causando a morte de 19 pessoas.<\/p>\n<p>Desde ent\u00e3o, a data tamb\u00e9m funciona como um momento de reflex\u00e3o a respeito do valor do trabalho como instrumento de desenvolvimento do ser humano, da sociedade e da economia. As conquistas do s\u00e9culo XX tamb\u00e9m s\u00e3o importantes marcos para a data, j\u00e1 que t\u00f3picos como jornada de 8 horas, f\u00e9rias remuneradas, pens\u00e3o por doen\u00e7a ou acidente, aposentadoria, descanso semanal remunerado, prote\u00e7\u00e3o ao trabalho da mulher e do menor, entre outros, eram impens\u00e1veis at\u00e9 o s\u00e9culo XIX.<\/p>\n<p>Mas devemos mesmo comemorar?<\/p>\n<p>O s\u00e9culo XX apresentou muitos avan\u00e7os para o setor trabalhista de diversos locais, incluindo o Brasil. Por\u00e9m, a situa\u00e7\u00e3o atual do pa\u00eds, para alguns, \u00e9 pouco animadora, em decorr\u00eancia de crises econ\u00f4micas, pol\u00edticas e sociais.<\/p>\n<p>Segundo dados divulgados no final de mar\u00e7o pelo Instituto Brasileiro de Geografia e Estat\u00edstica (IBGE), a taxa de desemprego no Brasil gira em torno de 12,4%, o que afeta cerca de 13,1 milh\u00f5es de pessoas. A falta de emprego tamb\u00e9m faz com que muitas pessoas se submetam a subempregos ou empregos parciais.<\/p>\n<p>Al\u00e9m disso, a parcela mais jovem da popula\u00e7\u00e3o sofre ainda mais com essa situa\u00e7\u00e3o. Segundo os resultados da Pesquisa Nacional por Amostra de Domic\u00edlios Cont\u00ednua (Pnad-Cont\u00ednua), 27,2% dos jovens entre 16 e 24 anos est\u00e3o desempregados, n\u00famero maior que a m\u00e9dia para a popula\u00e7\u00e3o geral.<\/p>\n<p>O aumento do desemprego gera, sobretudo, impactos negativos \u00e0 distribui\u00e7\u00e3o de renda, com uma maior diferen\u00e7a econ\u00f4mica entre as classes ricas e pobres. Esse fen\u00f4meno tamb\u00e9m afeta outras \u00e1reas da sociedade, como educa\u00e7\u00e3o e lazer, j\u00e1 que com poucos empregos bem remunerados, menos recursos s\u00e3o investidos nesses segmentos.<\/p>\n<p>Diante desse cen\u00e1rio, como se preparar para o mercado?<\/p>\n<p>Diante da globaliza\u00e7\u00e3o e das diversas mudan\u00e7as tecnol\u00f3gicas em curso atualmente, \u00e9 poss\u00edvel afirmar que o futuro mercado de trabalho ir\u00e1 demandar novos conhecimentos da classe trabalhadora. Aqueles que n\u00e3o se prepararem para essas exig\u00eancias encontrar\u00e3o ainda mais dificuldade para se estabelecer nesse ambiente.<\/p>\n<p>Os estudantes, como futuros trabalhadores, devem estar cientes dessas transforma\u00e7\u00f5es, encarando-as como uma oportunidade para estudarem, se manterem atualizados e competitivos. Afinal, inova\u00e7\u00f5es tecnol\u00f3gicas como intelig\u00eancia artificial e ind\u00fastria 4.0, ajudam a tornar o trabalho mais r\u00e1pido, seguro e assertivo, mas ainda precisam de assist\u00eancia humana, seja para avaliar a qualidade dos dados que ser\u00e3o utilizados e seus n\u00edveis de objetividade, ou para garantir a evolu\u00e7\u00e3o destas tecnologias.<\/p>\n<p>De acordo com uma proje\u00e7\u00e3o feita pela consultoria Gartner, at\u00e9 2020 a Intelig\u00eancia Artificial ter\u00e1 eliminado 1,8 milh\u00e3o de cargos e criado 2,3 milh\u00f5es. Ou seja, algumas profiss\u00f5es deixar\u00e3o mesmo de existir, mas ser\u00e3o substitu\u00eddas por outras novas, que exigir\u00e3o novos conhecimentos e habilidades.<\/p>\n<p>E \u00e9 com este olhar de futuro que devemos refletir sobre este 1\u00b0 de maio. Reconhecendo as conquistas e evolu\u00e7\u00f5es que tivemos at\u00e9 aqui e buscando conhecimentos tecnol\u00f3gicos para solucionarmos as principais necessidades e desafios da sociedade moderna.<\/p>\n<p><em>*Renato Ladeia<\/em> &#8211; professor do Departamento de Administra\u00e7\u00e3o do Centro Universit\u00e1rio FEI<\/p>\n","protected":false},"excerpt":{"rendered":"<p>&#8220;O s\u00e9culo XX apresentou muitos avan\u00e7os para o setor trabalhista de diversos locais, incluindo o Brasil. Por\u00e9m, a situa\u00e7\u00e3o atual do pa\u00eds, para alguns, \u00e9 pouco animadora, em decorr\u00eancia de crises econ\u00f4micas, pol\u00edticas e sociais&#8221; *Renato Ladeia O Dia do Trabalho, comemorado no dia 1\u00ba de maio, simboliza a luta dos trabalhadores pela afirma\u00e7\u00e3o dos direitos \u00e0 dignidade humana. A [&hellip;]<\/p>\n","protected":false},"author":27,"featured_media":0,"comment_status":"open","ping_status":"closed","sticky":false,"template":"","format":"standard","meta":{"footnotes":""},"categories":[2719],"tags":[15075,917,8305,15089,1922,88,4678,3705,15,1746,3934,706,9314,10569,707,351,774],"class_list":["post-12365","post","type-post","status-publish","format-standard","hentry","category-servidor","tag-1o-de-maio","tag-carga-horaria","tag-crises","tag-dia-do-trabalhador","tag-dignidade","tag-economia","tag-economicas","tag-exploracao","tag-greve","tag-morte","tag-operarios","tag-politicas","tag-reflexao","tag-seculo-xx","tag-sociais","tag-sociedade","tag-valor"],"_links":{"self":[{"href":"https:\/\/blogs.correiobraziliense.com.br\/servidor\/wp-json\/wp\/v2\/posts\/12365","targetHints":{"allow":["GET"]}}],"collection":[{"href":"https:\/\/blogs.correiobraziliense.com.br\/servidor\/wp-json\/wp\/v2\/posts"}],"about":[{"href":"https:\/\/blogs.correiobraziliense.com.br\/servidor\/wp-json\/wp\/v2\/types\/post"}],"author":[{"embeddable":true,"href":"https:\/\/blogs.correiobraziliense.com.br\/servidor\/wp-json\/wp\/v2\/users\/27"}],"replies":[{"embeddable":true,"href":"https:\/\/blogs.correiobraziliense.com.br\/servidor\/wp-json\/wp\/v2\/comments?post=12365"}],"version-history":[{"count":1,"href":"https:\/\/blogs.correiobraziliense.com.br\/servidor\/wp-json\/wp\/v2\/posts\/12365\/revisions"}],"predecessor-version":[{"id":12366,"href":"https:\/\/blogs.correiobraziliense.com.br\/servidor\/wp-json\/wp\/v2\/posts\/12365\/revisions\/12366"}],"wp:attachment":[{"href":"https:\/\/blogs.correiobraziliense.com.br\/servidor\/wp-json\/wp\/v2\/media?parent=12365"}],"wp:term":[{"taxonomy":"category","embeddable":true,"href":"https:\/\/blogs.correiobraziliense.com.br\/servidor\/wp-json\/wp\/v2\/categories?post=12365"},{"taxonomy":"post_tag","embeddable":true,"href":"https:\/\/blogs.correiobraziliense.com.br\/servidor\/wp-json\/wp\/v2\/tags?post=12365"}],"curies":[{"name":"wp","href":"https:\/\/api.w.org\/{rel}","templated":true}]}}