{"id":12349,"date":"2019-04-30T15:11:39","date_gmt":"2019-04-30T18:11:39","guid":{"rendered":"https:\/\/blogs.correiobraziliense.com.br\/servidor\/?p=12349"},"modified":"2019-04-30T15:11:39","modified_gmt":"2019-04-30T18:11:39","slug":"assibge-ato-publico-nesta-5a-feira-2-de-maio-de-2019","status":"publish","type":"post","link":"https:\/\/blogs.correiobraziliense.com.br\/servidor\/assibge-ato-publico-nesta-5a-feira-2-de-maio-de-2019\/","title":{"rendered":"AssIBGE &#8211; Ato P\u00fablico nesta 5\u00aa feira, 2 de maio de 2019"},"content":{"rendered":"<p><em>Com o lema &#8220;Queremos o Censo 2020, sem Cortes&#8221;, a Associa\u00e7\u00e3o Nacional dos Servidores do IBGE (AssIBGE, convoca servidores e a sociedade para um ato de protesto na quinta-feira (02\/05), em frente \u00e0 sede do \u00f3rg\u00e3o, no Rio de Janeiro (Av. Franklin Roosevelt, 166 \u2013 Castelo), das 11h \u00e0s 14h<\/em><\/p>\n<p>De acordo com a Associa\u00e7\u00e3o, &#8220;a administra\u00e7\u00e3o Bolsonaro\/Paulo Guedes\/Susana Guerra insiste em cortar verbas, n\u00e3o realizar concursos p\u00fablicos e at\u00e9 em reduzir o question\u00e1rio do Censo 2020&#8221;. Por isso, a qualidade do trabalho dos t\u00e9cnicos, reconhecida no mundo inteiro, poder\u00e1 ficar comprometida. &#8220;Venha defender o IBGE e o direito do povo brasileiro a conhecer a realidade do nosso pa\u00eds&#8221;, destaca a entidade.<\/p>\n<p><strong>Agenda<\/strong><\/p>\n<p>Local: em frente \u00e0 Sede do IBGE, no Rio (Av. Franklin Roosevelt, 166 \u2013 Castelo), das 11h \u00e0s 14h.<\/p>\n<p>Organiza\u00e7\u00e3o: AssIBGE \u2013 Sindicato Nacional<\/p>\n","protected":false},"excerpt":{"rendered":"<p>Com o lema &#8220;Queremos o Censo 2020, sem Cortes&#8221;, a Associa\u00e7\u00e3o Nacional dos Servidores do IBGE (AssIBGE, convoca servidores e a sociedade para um ato de protesto na quinta-feira (02\/05), em frente \u00e0 sede do \u00f3rg\u00e3o, no Rio de Janeiro (Av. Franklin Roosevelt, 166 \u2013 Castelo), das 11h \u00e0s 14h De acordo com a Associa\u00e7\u00e3o, &#8220;a administra\u00e7\u00e3o Bolsonaro\/Paulo Guedes\/Susana Guerra [&hellip;]<\/p>\n","protected":false},"author":27,"featured_media":0,"comment_status":"open","ping_status":"closed","sticky":false,"template":"","format":"standard","meta":{"footnotes":""},"categories":[2719],"tags":[4006,10709,15082,2395,58,351],"class_list":["post-12349","post","type-post","status-publish","format-standard","hentry","category-servidor","tag-assibge","tag-ato-publico","tag-ceso","tag-cortes","tag-servidores","tag-sociedade"],"_links":{"self":[{"href":"https:\/\/blogs.correiobraziliense.com.br\/servidor\/wp-json\/wp\/v2\/posts\/12349","targetHints":{"allow":["GET"]}}],"collection":[{"href":"https:\/\/blogs.correiobraziliense.com.br\/servidor\/wp-json\/wp\/v2\/posts"}],"about":[{"href":"https:\/\/blogs.correiobraziliense.com.br\/servidor\/wp-json\/wp\/v2\/types\/post"}],"author":[{"embeddable":true,"href":"https:\/\/blogs.correiobraziliense.com.br\/servidor\/wp-json\/wp\/v2\/users\/27"}],"replies":[{"embeddable":true,"href":"https:\/\/blogs.correiobraziliense.com.br\/servidor\/wp-json\/wp\/v2\/comments?post=12349"}],"version-history":[{"count":1,"href":"https:\/\/blogs.correiobraziliense.com.br\/servidor\/wp-json\/wp\/v2\/posts\/12349\/revisions"}],"predecessor-version":[{"id":12350,"href":"https:\/\/blogs.correiobraziliense.com.br\/servidor\/wp-json\/wp\/v2\/posts\/12349\/revisions\/12350"}],"wp:attachment":[{"href":"https:\/\/blogs.correiobraziliense.com.br\/servidor\/wp-json\/wp\/v2\/media?parent=12349"}],"wp:term":[{"taxonomy":"category","embeddable":true,"href":"https:\/\/blogs.correiobraziliense.com.br\/servidor\/wp-json\/wp\/v2\/categories?post=12349"},{"taxonomy":"post_tag","embeddable":true,"href":"https:\/\/blogs.correiobraziliense.com.br\/servidor\/wp-json\/wp\/v2\/tags?post=12349"}],"curies":[{"name":"wp","href":"https:\/\/api.w.org\/{rel}","templated":true}]}}