{"id":12330,"date":"2019-04-29T14:26:32","date_gmt":"2019-04-29T17:26:32","guid":{"rendered":"https:\/\/blogs.correiobraziliense.com.br\/servidor\/?p=12330"},"modified":"2019-04-29T14:26:32","modified_gmt":"2019-04-29T17:26:32","slug":"presidentes-das-centrais-sindicais-visitam-palco-do-1o-de-maio-unificado","status":"publish","type":"post","link":"https:\/\/blogs.correiobraziliense.com.br\/servidor\/presidentes-das-centrais-sindicais-visitam-palco-do-1o-de-maio-unificado\/","title":{"rendered":"Presidentes das centrais sindicais visitam palco do 1\u00ba de Maio unificado"},"content":{"rendered":"<p><em>Os presidentes das centrais sindicais estar\u00e3o nesta ter\u00e7a-feira (30), \u00e0s 15 horas, no Vale do Anhangaba\u00fa, regi\u00e3o central de S\u00e3o Paulo, para visitar o palco onde ser\u00e1 o evento do 1\u00ba de Maio unificado<\/em><\/p>\n<p>O ato, que ser\u00e1, pela primeira vez na hist\u00f3ria, em unidade, ocorrer\u00e1 na quarta-feira (1\u00ba), das 10 horas \u00e0s 20 horas, e ter\u00e1 como lema: \u201cEm Defesa dos Direitos dos Trabalhadores e das Trabalhadoras \u2013 Contra o Fim da Aposentadoria por mais Empregos e Sal\u00e1rios Decentes\u201d.<\/p>\n<p>Al\u00e9m do ato pol\u00edtico previsto para acontecer a partir das 11 horas, o p\u00fablico presente poder\u00e1 conferir apresenta\u00e7\u00f5es art\u00edsticas e culturais. Confirmaram presen\u00e7a no 1\u00ba de Maio unificado, entre outros artistas da m\u00fasica popular brasileira, Ludmila, Roberta Miranda, Maria Cec\u00edlia &amp; Rodolfo, Felipe Ara\u00fajo, Yasmim Santos, Guilherme Santiago e Leci Brand\u00e3o. O 1\u00ba de Maio de 2019 tem o apoio da R\u00e1dio Top FM, Rede Brasil Atual e TVT.<\/p>\n<p>Agenda: Presidentes das centrais visitam palco do 1\u00ba de Maio<\/p>\n<p>Data: 30 de abril<br \/>\nHor\u00e1rio: 15 horas<br \/>\nLocal: Vale do Anhangaba\u00fa<\/p>\n","protected":false},"excerpt":{"rendered":"<p>Os presidentes das centrais sindicais estar\u00e3o nesta ter\u00e7a-feira (30), \u00e0s 15 horas, no Vale do Anhangaba\u00fa, regi\u00e3o central de S\u00e3o Paulo, para visitar o palco onde ser\u00e1 o evento do 1\u00ba de Maio unificado O ato, que ser\u00e1, pela primeira vez na hist\u00f3ria, em unidade, ocorrer\u00e1 na quarta-feira (1\u00ba), das 10 horas \u00e0s 20 horas, e ter\u00e1 como lema: \u201cEm [&hellip;]<\/p>\n","protected":false},"author":27,"featured_media":0,"comment_status":"open","ping_status":"closed","sticky":false,"template":"","format":"standard","meta":{"footnotes":""},"categories":[2719],"tags":[15075,7483,1259,999,15077,619,2603,870,11567,15076,4600,9727,30,1260,19,3625,10954],"class_list":["post-12330","post","type-post","status-publish","format-standard","hentry","category-servidor","tag-1o-de-maio","tag-artista","tag-centrais","tag-cut","tag-decentes","tag-direitos","tag-empregos","tag-forca-sindical","tag-palco","tag-posentadoria","tag-presidentes","tag-reforma-da-previdencia","tag-salarios","tag-sindicais","tag-trabalhadores","tag-unificado","tag-visitam"],"_links":{"self":[{"href":"https:\/\/blogs.correiobraziliense.com.br\/servidor\/wp-json\/wp\/v2\/posts\/12330","targetHints":{"allow":["GET"]}}],"collection":[{"href":"https:\/\/blogs.correiobraziliense.com.br\/servidor\/wp-json\/wp\/v2\/posts"}],"about":[{"href":"https:\/\/blogs.correiobraziliense.com.br\/servidor\/wp-json\/wp\/v2\/types\/post"}],"author":[{"embeddable":true,"href":"https:\/\/blogs.correiobraziliense.com.br\/servidor\/wp-json\/wp\/v2\/users\/27"}],"replies":[{"embeddable":true,"href":"https:\/\/blogs.correiobraziliense.com.br\/servidor\/wp-json\/wp\/v2\/comments?post=12330"}],"version-history":[{"count":1,"href":"https:\/\/blogs.correiobraziliense.com.br\/servidor\/wp-json\/wp\/v2\/posts\/12330\/revisions"}],"predecessor-version":[{"id":12331,"href":"https:\/\/blogs.correiobraziliense.com.br\/servidor\/wp-json\/wp\/v2\/posts\/12330\/revisions\/12331"}],"wp:attachment":[{"href":"https:\/\/blogs.correiobraziliense.com.br\/servidor\/wp-json\/wp\/v2\/media?parent=12330"}],"wp:term":[{"taxonomy":"category","embeddable":true,"href":"https:\/\/blogs.correiobraziliense.com.br\/servidor\/wp-json\/wp\/v2\/categories?post=12330"},{"taxonomy":"post_tag","embeddable":true,"href":"https:\/\/blogs.correiobraziliense.com.br\/servidor\/wp-json\/wp\/v2\/tags?post=12330"}],"curies":[{"name":"wp","href":"https:\/\/api.w.org\/{rel}","templated":true}]}}