{"id":12328,"date":"2019-04-29T14:13:57","date_gmt":"2019-04-29T17:13:57","guid":{"rendered":"https:\/\/blogs.correiobraziliense.com.br\/servidor\/?p=12328"},"modified":"2019-04-29T14:13:57","modified_gmt":"2019-04-29T17:13:57","slug":"enap-entrevista-compras-publicas-com-a-professora-tatiana-camarao","status":"publish","type":"post","link":"https:\/\/blogs.correiobraziliense.com.br\/servidor\/enap-entrevista-compras-publicas-com-a-professora-tatiana-camarao\/","title":{"rendered":"Enap Entrevista &#8211; Compras P\u00fablicas com a professora Tatiana Camar\u00e3o"},"content":{"rendered":"<p><em>Tatiana Camar\u00e3o fala dos riscos de licita\u00e7\u00f5es fracassadas com a falta de planejamento das contrata\u00e7\u00f5es, de instrumentos normativos do Tribunal de Contas da Uni\u00e3o (TCU, Nova Lei de Licita\u00e7\u00f5es e boas pr\u00e1ticas que resultam na qualidade das compras p\u00fablicas<\/em><\/p>\n<p>O Enap Entrevista conversa com a professora Tatiana Camar\u00e3o, mestre em Direito, coautora de v\u00e1rios livros, em especial o \u201cTermo de Refer\u00eancia\u201d, editado pela F\u00f3rum. Ela aborda os instrumentos preparat\u00f3rios ao processo de compras p\u00fablicas; a relev\u00e2ncia do termo de refer\u00eancia e estudo t\u00e9cnico preliminar; bem como o Plano anual de Contrata\u00e7\u00f5es, previsto pela Instru\u00e7\u00e3o Normativa 01\/2019, editado pela Secretaria de Gest\u00e3o do Minist\u00e9rio da Economia.<\/p>\n<p>Veja a entrevista:<\/p>\n<p>https:\/\/www.youtube.com\/watch?v=NsQ9lX33YB8&#038;feature=em-uploademai<\/p>\n","protected":false},"excerpt":{"rendered":"<p>Tatiana Camar\u00e3o fala dos riscos de licita\u00e7\u00f5es fracassadas com a falta de planejamento das contrata\u00e7\u00f5es, de instrumentos normativos do Tribunal de Contas da Uni\u00e3o (TCU, Nova Lei de Licita\u00e7\u00f5es e boas pr\u00e1ticas que resultam na qualidade das compras p\u00fablicas O Enap Entrevista conversa com a professora Tatiana Camar\u00e3o, mestre em Direito, coautora de v\u00e1rios livros, em especial o \u201cTermo de [&hellip;]<\/p>\n","protected":false},"author":27,"featured_media":0,"comment_status":"open","ping_status":"closed","sticky":false,"template":"","format":"standard","meta":{"footnotes":""},"categories":[2719],"tags":[10632,15072,15071,15073,15074,137,1847,3,1589,787,635],"class_list":["post-12328","post","type-post","status-publish","format-standard","hentry","category-servidor","tag-contas-publica","tag-contratacaoes","tag-enap-entrevista","tag-intrumentos","tag-lei-de-licitacoes","tag-licitacoes","tag-normativos","tag-planejamento","tag-praticas","tag-qualidade","tag-tcu"],"_links":{"self":[{"href":"https:\/\/blogs.correiobraziliense.com.br\/servidor\/wp-json\/wp\/v2\/posts\/12328","targetHints":{"allow":["GET"]}}],"collection":[{"href":"https:\/\/blogs.correiobraziliense.com.br\/servidor\/wp-json\/wp\/v2\/posts"}],"about":[{"href":"https:\/\/blogs.correiobraziliense.com.br\/servidor\/wp-json\/wp\/v2\/types\/post"}],"author":[{"embeddable":true,"href":"https:\/\/blogs.correiobraziliense.com.br\/servidor\/wp-json\/wp\/v2\/users\/27"}],"replies":[{"embeddable":true,"href":"https:\/\/blogs.correiobraziliense.com.br\/servidor\/wp-json\/wp\/v2\/comments?post=12328"}],"version-history":[{"count":1,"href":"https:\/\/blogs.correiobraziliense.com.br\/servidor\/wp-json\/wp\/v2\/posts\/12328\/revisions"}],"predecessor-version":[{"id":12329,"href":"https:\/\/blogs.correiobraziliense.com.br\/servidor\/wp-json\/wp\/v2\/posts\/12328\/revisions\/12329"}],"wp:attachment":[{"href":"https:\/\/blogs.correiobraziliense.com.br\/servidor\/wp-json\/wp\/v2\/media?parent=12328"}],"wp:term":[{"taxonomy":"category","embeddable":true,"href":"https:\/\/blogs.correiobraziliense.com.br\/servidor\/wp-json\/wp\/v2\/categories?post=12328"},{"taxonomy":"post_tag","embeddable":true,"href":"https:\/\/blogs.correiobraziliense.com.br\/servidor\/wp-json\/wp\/v2\/tags?post=12328"}],"curies":[{"name":"wp","href":"https:\/\/api.w.org\/{rel}","templated":true}]}}