{"id":12316,"date":"2019-04-26T14:43:09","date_gmt":"2019-04-26T17:43:09","guid":{"rendered":"https:\/\/blogs.correiobraziliense.com.br\/servidor\/?p=12316"},"modified":"2019-04-26T14:43:09","modified_gmt":"2019-04-26T17:43:09","slug":"calero-lamenta-discurso-de-bolsonaro-sobre-cursos-de-humanas-no-brasil","status":"publish","type":"post","link":"https:\/\/blogs.correiobraziliense.com.br\/servidor\/calero-lamenta-discurso-de-bolsonaro-sobre-cursos-de-humanas-no-brasil\/","title":{"rendered":"Calero lamenta discurso de Bolsonaro sobre cursos de Humanas no Brasil"},"content":{"rendered":"<p><em>O deputado federal Marcelo Calero (Cidadania-RJ) lamentou, nesta sexta-feira (26), a declara\u00e7\u00e3o do presidente Jair Bolsonaro (PSL) sobre estudos para descentraliza\u00e7\u00e3o dos investimentos em faculdades de filosofia e sociologia no pa\u00eds. Em publica\u00e7\u00e3o nas redes sociais, o chefe do Executivo afirmou que o objetivo do governo \u00e9 \u201cfocar em \u00e1reas que gerem retorno imediato ao contribuinte, como veterin\u00e1ria, engenharia e medicina\u201d<\/em><\/p>\n<p>\u201c\u00c9 inacredit\u00e1vel\u201d, publicou Calero, nas redes sociais. Na sua vis\u00e3o, a \u201ccruzada moralista\u201d tamb\u00e9m atingiu os alunos dos cursos de Humanas. \u201cAli\u00e1s, qual \u00e9 o nome que se d\u00e1 para o governo que quer influenciar at\u00e9 a carreira que o sujeito escolhe? Estamos perdidos\u201d, colocou o parlamentar.<\/p>\n<p>Nesta quinta-feira (25), o ministro da Educa\u00e7\u00e3o, Abraham Weintraub, garantiu que \u201cquest\u00f5es ideol\u00f3gicas ou muito pol\u00eamicas\u201d n\u00e3o ser\u00e3o abordadas no Exame Nacional do Ensino M\u00e9dio (Enem) deste ano. Em tom de recado, sugeriu que os alunos \u201cfoquem mais na t\u00e9cnica de escrever, em interpreta\u00e7\u00e3o de texto, foquem muito em matem\u00e1tica e ci\u00eancias, e, realmente, no aspecto que a gente quer desenvolver, o conhecimento cient\u00edfico\u201d.<\/p>\n","protected":false},"excerpt":{"rendered":"<p>O deputado federal Marcelo Calero (Cidadania-RJ) lamentou, nesta sexta-feira (26), a declara\u00e7\u00e3o do presidente Jair Bolsonaro (PSL) sobre estudos para descentraliza\u00e7\u00e3o dos investimentos em faculdades de filosofia e sociologia no pa\u00eds. Em publica\u00e7\u00e3o nas redes sociais, o chefe do Executivo afirmou que o objetivo do governo \u00e9 \u201cfocar em \u00e1reas que gerem retorno imediato ao contribuinte, como veterin\u00e1ria, engenharia e [&hellip;]<\/p>\n","protected":false},"author":27,"featured_media":0,"comment_status":"open","ping_status":"closed","sticky":false,"template":"","format":"standard","meta":{"footnotes":""},"categories":[2719],"tags":[188,9547,15058,356,14623,4159,3242,1086,15057,1476,12638,1008,13649,15056,2980,8925,1083,16,13667,8926],"class_list":["post-12316","post","type-post","status-publish","format-standard","hentry","category-servidor","tag-carreira","tag-ciencias","tag-conhecimento-cientifico","tag-contribuinte","tag-descentralizacao","tag-enem","tag-engenharia","tag-estudos","tag-faculdades","tag-filosofia","tag-humanas","tag-investimentos","tag-jair-bolsonaro","tag-marcelo-calero","tag-matematica","tag-medicina","tag-redes-sociais","tag-retorno","tag-sociologia","tag-veterinaria"],"_links":{"self":[{"href":"https:\/\/blogs.correiobraziliense.com.br\/servidor\/wp-json\/wp\/v2\/posts\/12316","targetHints":{"allow":["GET"]}}],"collection":[{"href":"https:\/\/blogs.correiobraziliense.com.br\/servidor\/wp-json\/wp\/v2\/posts"}],"about":[{"href":"https:\/\/blogs.correiobraziliense.com.br\/servidor\/wp-json\/wp\/v2\/types\/post"}],"author":[{"embeddable":true,"href":"https:\/\/blogs.correiobraziliense.com.br\/servidor\/wp-json\/wp\/v2\/users\/27"}],"replies":[{"embeddable":true,"href":"https:\/\/blogs.correiobraziliense.com.br\/servidor\/wp-json\/wp\/v2\/comments?post=12316"}],"version-history":[{"count":1,"href":"https:\/\/blogs.correiobraziliense.com.br\/servidor\/wp-json\/wp\/v2\/posts\/12316\/revisions"}],"predecessor-version":[{"id":12317,"href":"https:\/\/blogs.correiobraziliense.com.br\/servidor\/wp-json\/wp\/v2\/posts\/12316\/revisions\/12317"}],"wp:attachment":[{"href":"https:\/\/blogs.correiobraziliense.com.br\/servidor\/wp-json\/wp\/v2\/media?parent=12316"}],"wp:term":[{"taxonomy":"category","embeddable":true,"href":"https:\/\/blogs.correiobraziliense.com.br\/servidor\/wp-json\/wp\/v2\/categories?post=12316"},{"taxonomy":"post_tag","embeddable":true,"href":"https:\/\/blogs.correiobraziliense.com.br\/servidor\/wp-json\/wp\/v2\/tags?post=12316"}],"curies":[{"name":"wp","href":"https:\/\/api.w.org\/{rel}","templated":true}]}}