{"id":12308,"date":"2019-04-25T14:33:06","date_gmt":"2019-04-25T17:33:06","guid":{"rendered":"https:\/\/blogs.correiobraziliense.com.br\/servidor\/?p=12308"},"modified":"2019-04-25T14:33:06","modified_gmt":"2019-04-25T17:33:06","slug":"ict-dieese-condicao-de-trabalho-piorou-entre-2017-e-2018","status":"publish","type":"post","link":"https:\/\/blogs.correiobraziliense.com.br\/servidor\/ict-dieese-condicao-de-trabalho-piorou-entre-2017-e-2018\/","title":{"rendered":"ICT-Dieese &#8211; condi\u00e7\u00e3o de trabalho piorou entre 2017 e 2018"},"content":{"rendered":"<p><em>Na compara\u00e7\u00e3o entre o quarto trimestre de 2017 e o de 2018, o ICT-Dieese apontou que a condi\u00e7\u00e3o do trabalho no Brasil piorou, com amplia\u00e7\u00e3o da desigualdade de rendimentos, ligeira alta do rendimento m\u00e9dio, crescimento do trabalho informal e do tempo de procura por trabalho<\/em><\/p>\n<p>Ao longo de 2018, aumentou o trabalho informal e houve pequena redu\u00e7\u00e3o da desocupa\u00e7\u00e3o, dentro da sazonalidade esperada, e crescimento da desigualdade nos rendimentos do trabalho. O ICT sintetizou esses resultados.<\/p>\n<p>Na passagem do terceiro para o quarto trimestre de 2018, os indicadores apresentaram leve melhora, principalmente devido \u00e0 redu\u00e7\u00e3o da taxa de desocupa\u00e7\u00e3o e ao aumento dos rendimentos m\u00e9dios. O tempo de procura por trabalho, entretanto, n\u00e3o se alterou. Tamb\u00e9m houve crescimento das ocupa\u00e7\u00f5es desprotegidas.<\/p>\n<p><strong>ICT-Dieese<\/strong><\/p>\n<p>O ICT-Dieese varia entre 0 e 1 e \u00e9 resultado da composi\u00e7\u00e3o de tr\u00eas dimens\u00f5es: ICT-Inser\u00e7\u00e3o Ocupacional (formaliza\u00e7\u00e3o do v\u00ednculo de trabalho, contribui\u00e7\u00e3o para a previd\u00eancia, tempo de perman\u00eancia no trabalho); ICT-Desocupa\u00e7\u00e3o (desocupa\u00e7\u00e3o e desalento, procura por trabalho h\u00e1 mais de cinco meses, desocupa\u00e7\u00e3o e desalento dos respons\u00e1veis pelo domic\u00edlio) e ICT-Rendimento (rendimento por hora trabalhada; concentra\u00e7\u00e3o dos rendimentos do trabalho).<\/p>\n<p>Quanto \u00e0 interpreta\u00e7\u00e3o e an\u00e1lise, o indicador n\u00e3o define a condi\u00e7\u00e3o ideal do trabalho, apenas indica que quanto mais pr\u00f3ximo o valor do \u00edndice estiver de 1, melhor a situa\u00e7\u00e3o geral do mercado de trabalho e, quanto mais pr\u00f3ximo de zero, pior.<\/p>\n","protected":false},"excerpt":{"rendered":"<p>Na compara\u00e7\u00e3o entre o quarto trimestre de 2017 e o de 2018, o ICT-Dieese apontou que a condi\u00e7\u00e3o do trabalho no Brasil piorou, com amplia\u00e7\u00e3o da desigualdade de rendimentos, ligeira alta do rendimento m\u00e9dio, crescimento do trabalho informal e do tempo de procura por trabalho Ao longo de 2018, aumentou o trabalho informal e houve pequena redu\u00e7\u00e3o da desocupa\u00e7\u00e3o, dentro [&hellip;]<\/p>\n","protected":false},"author":27,"featured_media":0,"comment_status":"open","ping_status":"closed","sticky":false,"template":"","format":"standard","meta":{"footnotes":""},"categories":[2719],"tags":[164,15047,6115,15029,6941,14252,2025,14822,2019,261],"class_list":["post-12308","post","type-post","status-publish","format-standard","hentry","category-servidor","tag-brasil","tag-condicao-de-trabalho","tag-desigualdade","tag-ict-dieese","tag-informal","tag-procura","tag-rendimentos","tag-sazonalidade","tag-tempo","tag-trabalho"],"_links":{"self":[{"href":"https:\/\/blogs.correiobraziliense.com.br\/servidor\/wp-json\/wp\/v2\/posts\/12308","targetHints":{"allow":["GET"]}}],"collection":[{"href":"https:\/\/blogs.correiobraziliense.com.br\/servidor\/wp-json\/wp\/v2\/posts"}],"about":[{"href":"https:\/\/blogs.correiobraziliense.com.br\/servidor\/wp-json\/wp\/v2\/types\/post"}],"author":[{"embeddable":true,"href":"https:\/\/blogs.correiobraziliense.com.br\/servidor\/wp-json\/wp\/v2\/users\/27"}],"replies":[{"embeddable":true,"href":"https:\/\/blogs.correiobraziliense.com.br\/servidor\/wp-json\/wp\/v2\/comments?post=12308"}],"version-history":[{"count":1,"href":"https:\/\/blogs.correiobraziliense.com.br\/servidor\/wp-json\/wp\/v2\/posts\/12308\/revisions"}],"predecessor-version":[{"id":12309,"href":"https:\/\/blogs.correiobraziliense.com.br\/servidor\/wp-json\/wp\/v2\/posts\/12308\/revisions\/12309"}],"wp:attachment":[{"href":"https:\/\/blogs.correiobraziliense.com.br\/servidor\/wp-json\/wp\/v2\/media?parent=12308"}],"wp:term":[{"taxonomy":"category","embeddable":true,"href":"https:\/\/blogs.correiobraziliense.com.br\/servidor\/wp-json\/wp\/v2\/categories?post=12308"},{"taxonomy":"post_tag","embeddable":true,"href":"https:\/\/blogs.correiobraziliense.com.br\/servidor\/wp-json\/wp\/v2\/tags?post=12308"}],"curies":[{"name":"wp","href":"https:\/\/api.w.org\/{rel}","templated":true}]}}