{"id":12306,"date":"2019-04-25T13:27:18","date_gmt":"2019-04-25T16:27:18","guid":{"rendered":"https:\/\/blogs.correiobraziliense.com.br\/servidor\/?p=12306"},"modified":"2019-04-25T13:27:18","modified_gmt":"2019-04-25T16:27:18","slug":"previc-sistema-tem-recuperacao-de-r-125-bi-no-ultimo-trimestre-de-2018","status":"publish","type":"post","link":"https:\/\/blogs.correiobraziliense.com.br\/servidor\/previc-sistema-tem-recuperacao-de-r-125-bi-no-ultimo-trimestre-de-2018\/","title":{"rendered":"Previc &#8211; Sistema tem recupera\u00e7\u00e3o de R$ 12,5 bi no \u00faltimo trimestre de 2018"},"content":{"rendered":"<p><em>A Superintend\u00eancia Nacional de Previd\u00eancia Complementar (Previc) divulga o resultado agregado das entidades fechadas de previd\u00eancia complementar (EFPC) em 2018. Segundo a entidade, \u00e9 o melhor resultado dos \u00faltimos cinco anos. O saldo agregado negativo caiu de R$ 15,9 bilh\u00f5es, em setembro, para R$ 3,4 bilh\u00f5es no final de 2018 &#8211; Tabela 1.2.1 do <a href=\"http:\/\/www.previc.gov.br\/central-de-conteudos\/publicacoes\/informe-estatistico\/informes-de-2018-1\/informe-estatistico-trimestral-4o-trimestre-dezembro-2018.pdf\/view\">Informe Estat\u00edstico Trimestral<\/a>.<\/em><\/p>\n<p>O desempenho satisfat\u00f3rio dos investimentos, de acordo com a Previc, melhorou a solv\u00eancia do sistema no \u00faltimo trimestre de 2018. &#8220;A varia\u00e7\u00e3o decorreu do aumento do superavit acumulado em R$ 3,5 bilh\u00f5es e da redu\u00e7\u00e3o do deficit acumulado em R$ 8,9 bilh\u00f5es. Os resultados s\u00e3o oriundos da valoriza\u00e7\u00e3o dos ativos financeiros de renda fixa e renda vari\u00e1vel, bem como da execu\u00e7\u00e3o dos planos de equacionamento realizados pelas entidades de import\u00e2ncia sist\u00eamica&#8221;, revela o informe.<\/p>\n<p>No \u00faltimo trimestre de 2018, os ativos totais do sistema cresceram R$ 30,7 bilh\u00f5es, para o montante de R$ 904 bilh\u00f5es (Tabela 1.2.2). Os fundos de investimentos, que correspondem a 66,2% dos ativos totais, foram os ativos que apresentaram maior crescimento, na ordem de R$ 22,7 bilh\u00f5es.<\/p>\n<p>&#8220;A taxa b\u00e1sica de juros exige aten\u00e7\u00e3o especial das funda\u00e7\u00f5es que administram planos de benef\u00edcio definido, na medida em que a perspectiva de rentabilidade dos novos investimentos pode ser inferior e incompat\u00edvel com as taxas de desconto atuarial estabelecidas neste momento&#8221;, alerta.<\/p>\n<p>O documento tamb\u00e9m apresenta, de forma consolidada, os investimentos, as provis\u00f5es matem\u00e1ticas, os resultados e os fundos, al\u00e9m dos valores de contribui\u00e7\u00f5es, pagamentos de benef\u00edcios, receitas e as despesas administrativas.<\/p>\n<p>A an\u00e1lise mais detalhada dos riscos do sistema e a evolu\u00e7\u00e3o dos indicadores de resultados podem ser encontrados no Relat\u00f3rio de Estabilidade da Previd\u00eancia Complementar (REP), publicado semestralmente pela Previc.<\/p>\n","protected":false},"excerpt":{"rendered":"<p>A Superintend\u00eancia Nacional de Previd\u00eancia Complementar (Previc) divulga o resultado agregado das entidades fechadas de previd\u00eancia complementar (EFPC) em 2018. Segundo a entidade, \u00e9 o melhor resultado dos \u00faltimos cinco anos. O saldo agregado negativo caiu de R$ 15,9 bilh\u00f5es, em setembro, para R$ 3,4 bilh\u00f5es no final de 2018 &#8211; Tabela 1.2.1 do Informe Estat\u00edstico Trimestral. O desempenho satisfat\u00f3rio [&hellip;]<\/p>\n","protected":false},"author":27,"featured_media":0,"comment_status":"open","ping_status":"closed","sticky":false,"template":"","format":"standard","meta":{"footnotes":""},"categories":[2719],"tags":[13763,2486,15046,411,10881,15045,1008,4978,2487,2142,14176,6767,1953,961,4641,6508,6211,3421],"class_list":["post-12306","post","type-post","status-publish","format-standard","hentry","category-servidor","tag-ativos-financeiros","tag-atuarial","tag-beneficio-definido","tag-deficit","tag-efpc","tag-entidades-fechadas","tag-investimentos","tag-previc","tag-previdencia-complementar","tag-recuperacao","tag-renda-fixa","tag-rentabilidade","tag-selic","tag-sistema","tag-superavit","tag-taxa-basica-de-juros","tag-trimestre","tag-variavel"],"_links":{"self":[{"href":"https:\/\/blogs.correiobraziliense.com.br\/servidor\/wp-json\/wp\/v2\/posts\/12306","targetHints":{"allow":["GET"]}}],"collection":[{"href":"https:\/\/blogs.correiobraziliense.com.br\/servidor\/wp-json\/wp\/v2\/posts"}],"about":[{"href":"https:\/\/blogs.correiobraziliense.com.br\/servidor\/wp-json\/wp\/v2\/types\/post"}],"author":[{"embeddable":true,"href":"https:\/\/blogs.correiobraziliense.com.br\/servidor\/wp-json\/wp\/v2\/users\/27"}],"replies":[{"embeddable":true,"href":"https:\/\/blogs.correiobraziliense.com.br\/servidor\/wp-json\/wp\/v2\/comments?post=12306"}],"version-history":[{"count":1,"href":"https:\/\/blogs.correiobraziliense.com.br\/servidor\/wp-json\/wp\/v2\/posts\/12306\/revisions"}],"predecessor-version":[{"id":12307,"href":"https:\/\/blogs.correiobraziliense.com.br\/servidor\/wp-json\/wp\/v2\/posts\/12306\/revisions\/12307"}],"wp:attachment":[{"href":"https:\/\/blogs.correiobraziliense.com.br\/servidor\/wp-json\/wp\/v2\/media?parent=12306"}],"wp:term":[{"taxonomy":"category","embeddable":true,"href":"https:\/\/blogs.correiobraziliense.com.br\/servidor\/wp-json\/wp\/v2\/categories?post=12306"},{"taxonomy":"post_tag","embeddable":true,"href":"https:\/\/blogs.correiobraziliense.com.br\/servidor\/wp-json\/wp\/v2\/tags?post=12306"}],"curies":[{"name":"wp","href":"https:\/\/api.w.org\/{rel}","templated":true}]}}