{"id":12297,"date":"2019-04-24T16:40:02","date_gmt":"2019-04-24T19:40:02","guid":{"rendered":"https:\/\/blogs.correiobraziliense.com.br\/servidor\/?p=12297"},"modified":"2019-04-24T16:40:02","modified_gmt":"2019-04-24T19:40:02","slug":"23o-concurso-inovacao-no-setor-publico-inscricoes-prorrogadas","status":"publish","type":"post","link":"https:\/\/blogs.correiobraziliense.com.br\/servidor\/23o-concurso-inovacao-no-setor-publico-inscricoes-prorrogadas\/","title":{"rendered":"23\u00ba Concurso Inova\u00e7\u00e3o no Setor P\u00fablico: inscri\u00e7\u00f5es prorrogadas"},"content":{"rendered":"<p><em>Interessados podem se inscrever at\u00e9 29 de abril<\/em><\/p>\n<p>O Concurso Inova\u00e7\u00e3o no Setor P\u00fablico \u00e9 promovido desde 1996 pela Escola Nacional de Administra\u00e7\u00e3o P\u00fablica (Enap) em parceria com o Minist\u00e9rio da Economia (ME). A premia\u00e7\u00e3o valoriza as equipes de servidores p\u00fablicos que se dedicam a repensar atividades cotidianas, por meio de pequenas ou grandes inova\u00e7\u00f5es, que geram melhoria na gest\u00e3o das organiza\u00e7\u00f5es e pol\u00edticas p\u00fablicas, contribuem para o aumento da qualidade dos servi\u00e7os prestados \u00e0 popula\u00e7\u00e3o e tornam o Estado mais eficiente diante das demandas da sociedade.<\/p>\n<p>Nesta edi\u00e7\u00e3o, ser\u00e3o admitidas inscri\u00e7\u00f5es em tr\u00eas categorias: Inova\u00e7\u00e3o em processos organizacionais no Poder Executivo Federal; Inova\u00e7\u00e3o em servi\u00e7os ou pol\u00edticas p\u00fablicas no Poder Executivo Federal; e Inova\u00e7\u00e3o em processos organizacionais, servi\u00e7os ou pol\u00edticas p\u00fablicas no Poder Executivo Estadual\/Distrital.<\/p>\n<p>A sele\u00e7\u00e3o das pr\u00e1ticas inovadoras ser\u00e1 em tr\u00eas etapas sequenciais:<br \/>\n1\u00aa etapa: Triagem de conformidade: observa\u00e7\u00e3o dos requisitos obrigat\u00f3rios constantes no edital;<br \/>\n2\u00aa etapa: Avalia\u00e7\u00e3o Inicial: sele\u00e7\u00e3o de at\u00e9 30 iniciativas finalistas, dez de cada categoria, por especialistas nas \u00e1reas de gest\u00e3o p\u00fablica e inova\u00e7\u00e3o; e<br \/>\n3\u00aa etapa: Avalia\u00e7\u00e3o Final: apresenta\u00e7\u00e3o oral das iniciativas finalistas ao Comit\u00ea Julgador o qual selecionar\u00e1 cinco iniciativas vencedoras de cada categoria.<\/p>\n<p>Como premia\u00e7\u00e3o, as iniciativas inovadoras receber\u00e3o: trof\u00e9u destinado ao \u00f3rg\u00e3o respons\u00e1vel pela iniciativa; certificados individuais de premia\u00e7\u00e3o destinados a todos os integrantes da equipe executora; direito ao uso do Selo Inova\u00e7\u00e3o nos materiais de divulga\u00e7\u00e3o impressa ou eletr\u00f4nica das iniciativas premiadas; e inclus\u00e3o das iniciativas no Banco de Solu\u00e7\u00f5es (http:\/\/inovacao.enap.gov.br) e no Reposit\u00f3rio Institucional da Enap (http:\/\/repositorio.enap.gov.br).<\/p>\n<p>Al\u00e9m disso, estar\u00e3o habilitadas a participar de eventos organizados ou executados pela Enap e eventuais parceiros, com o objetivo de valorizar, aprimorar e disseminar a inova\u00e7\u00e3o no setor p\u00fablico.<br \/>\nA Cerim\u00f4nia de Premia\u00e7\u00e3o acontecer\u00e1 em evento p\u00fablico, em Bras\u00edlia, durante a V Semana de Inova\u00e7\u00e3o.<\/p>\n","protected":false},"excerpt":{"rendered":"<p>Interessados podem se inscrever at\u00e9 29 de abril O Concurso Inova\u00e7\u00e3o no Setor P\u00fablico \u00e9 promovido desde 1996 pela Escola Nacional de Administra\u00e7\u00e3o P\u00fablica (Enap) em parceria com o Minist\u00e9rio da Economia (ME). A premia\u00e7\u00e3o valoriza as equipes de servidores p\u00fablicos que se dedicam a repensar atividades cotidianas, por meio de pequenas ou grandes inova\u00e7\u00f5es, que geram melhoria na gest\u00e3o [&hellip;]<\/p>\n","protected":false},"author":27,"featured_media":0,"comment_status":"open","ping_status":"closed","sticky":false,"template":"","format":"standard","meta":{"footnotes":""},"categories":[2719],"tags":[15041,308,56,315,781,14327,10851,5254,15042,787,58,351],"class_list":["post-12297","post","type-post","status-publish","format-standard","hentry","category-servidor","tag-concurso-inovacao-no-setor-publico","tag-enap","tag-estado","tag-gestao","tag-inscricoes","tag-ministerio-da-economia","tag-politicas-publicas","tag-premiacao","tag-prorrogadas","tag-qualidade","tag-servidores","tag-sociedade"],"_links":{"self":[{"href":"https:\/\/blogs.correiobraziliense.com.br\/servidor\/wp-json\/wp\/v2\/posts\/12297","targetHints":{"allow":["GET"]}}],"collection":[{"href":"https:\/\/blogs.correiobraziliense.com.br\/servidor\/wp-json\/wp\/v2\/posts"}],"about":[{"href":"https:\/\/blogs.correiobraziliense.com.br\/servidor\/wp-json\/wp\/v2\/types\/post"}],"author":[{"embeddable":true,"href":"https:\/\/blogs.correiobraziliense.com.br\/servidor\/wp-json\/wp\/v2\/users\/27"}],"replies":[{"embeddable":true,"href":"https:\/\/blogs.correiobraziliense.com.br\/servidor\/wp-json\/wp\/v2\/comments?post=12297"}],"version-history":[{"count":1,"href":"https:\/\/blogs.correiobraziliense.com.br\/servidor\/wp-json\/wp\/v2\/posts\/12297\/revisions"}],"predecessor-version":[{"id":12298,"href":"https:\/\/blogs.correiobraziliense.com.br\/servidor\/wp-json\/wp\/v2\/posts\/12297\/revisions\/12298"}],"wp:attachment":[{"href":"https:\/\/blogs.correiobraziliense.com.br\/servidor\/wp-json\/wp\/v2\/media?parent=12297"}],"wp:term":[{"taxonomy":"category","embeddable":true,"href":"https:\/\/blogs.correiobraziliense.com.br\/servidor\/wp-json\/wp\/v2\/categories?post=12297"},{"taxonomy":"post_tag","embeddable":true,"href":"https:\/\/blogs.correiobraziliense.com.br\/servidor\/wp-json\/wp\/v2\/tags?post=12297"}],"curies":[{"name":"wp","href":"https:\/\/api.w.org\/{rel}","templated":true}]}}