{"id":12278,"date":"2019-04-23T17:58:33","date_gmt":"2019-04-23T20:58:33","guid":{"rendered":"https:\/\/blogs.correiobraziliense.com.br\/servidor\/?p=12278"},"modified":"2019-04-23T17:59:33","modified_gmt":"2019-04-23T20:59:33","slug":"dieese-lanca-novo-indice-indice-da-condicao-do-trabalho-ict-dieese","status":"publish","type":"post","link":"https:\/\/blogs.correiobraziliense.com.br\/servidor\/dieese-lanca-novo-indice-indice-da-condicao-do-trabalho-ict-dieese\/","title":{"rendered":"Dieese lan\u00e7a novo \u00edndice &#8211; \u00cdndice da Condi\u00e7\u00e3o do Trabalho (ICT-Dieese)"},"content":{"rendered":"<p><span style=\"color: #000000\"><em>Nesta quinta-feira, 25 de abril, \u00e0s 10h, o Departamento Intersindical de Estat\u00edstica e Estudos Socioecon\u00f4micos (Dieese) lan\u00e7a o \u00cdndice da Condi\u00e7\u00e3o do Trabalho (ICT-Dieese)<\/em><\/span><\/p>\n<p><span style=\"color: #000000\">O ICT \u00e9 um \u00edndice sint\u00e9tico, para acompanhamento e an\u00e1lise das condi\u00e7\u00f5es do cada vez mais heterog\u00eaneo mercado de trabalho brasileiro, com o olhar em quest\u00f5es econ\u00f4micas e sociais.<\/span><\/p>\n<p><span style=\"color: #000000\">O \u00cdndice foi elaborado a partir de recortes de dados da PnadC, do IBGE, e examina:<\/span><\/p>\n<p><span style=\"color: #000000\">A inser\u00e7\u00e3o ocupacional &#8211; formaliza\u00e7\u00e3o do v\u00ednculo de trabalho, contribui\u00e7\u00e3o para a previd\u00eancia, tempo de perman\u00eancia no trabalho;<\/span><br \/>\n<span style=\"color: #000000\">A desocupa\u00e7\u00e3o &#8211; desocupa\u00e7\u00e3o e desalento, procura por trabalho h\u00e1 mais de cinco meses, desocupa\u00e7\u00e3o e desalento dos respons\u00e1veis pelo domic\u00edlio;<\/span><br \/>\n<span style=\"color: #000000\">O rendimento &#8211; rendimento por hora trabalhada; concentra\u00e7\u00e3o dos rendimentos do trabalho.<\/span><\/p>\n<p><span style=\"color: #000000\">O lan\u00e7amento do ICT ser\u00e1 realizado no audit\u00f3rio da Escola Dieese de Ci\u00eancias do Trabalho (Rua Aurora, 957, Centro de S\u00e3o Paulo), em 25 de abril, a partir das 10h, com transmiss\u00e3o ao vivo pela internet no canal do Dieese no Youtube.<\/span><\/p>\n","protected":false},"excerpt":{"rendered":"<p>Nesta quinta-feira, 25 de abril, \u00e0s 10h, o Departamento Intersindical de Estat\u00edstica e Estudos Socioecon\u00f4micos (Dieese) lan\u00e7a o \u00cdndice da Condi\u00e7\u00e3o do Trabalho (ICT-Dieese) O ICT \u00e9 um \u00edndice sint\u00e9tico, para acompanhamento e an\u00e1lise das condi\u00e7\u00f5es do cada vez mais heterog\u00eaneo mercado de trabalho brasileiro, com o olhar em quest\u00f5es econ\u00f4micas e sociais. O \u00cdndice foi elaborado a partir de [&hellip;]<\/p>\n","protected":false},"author":27,"featured_media":0,"comment_status":"open","ping_status":"closed","sticky":false,"template":"","format":"standard","meta":{"footnotes":""},"categories":[2719],"tags":[131,2633,2026,9762,2042,15029,1261,14117,15030,549,5293],"class_list":["post-12278","post","type-post","status-publish","format-standard","hentry","category-servidor","tag-contribuicao","tag-desocupacao","tag-dieese","tag-formalizacao","tag-ibge","tag-ict-dieese","tag-indice","tag-mercado-de-trabalho","tag-pnadc","tag-previdencia","tag-rendimento"],"_links":{"self":[{"href":"https:\/\/blogs.correiobraziliense.com.br\/servidor\/wp-json\/wp\/v2\/posts\/12278","targetHints":{"allow":["GET"]}}],"collection":[{"href":"https:\/\/blogs.correiobraziliense.com.br\/servidor\/wp-json\/wp\/v2\/posts"}],"about":[{"href":"https:\/\/blogs.correiobraziliense.com.br\/servidor\/wp-json\/wp\/v2\/types\/post"}],"author":[{"embeddable":true,"href":"https:\/\/blogs.correiobraziliense.com.br\/servidor\/wp-json\/wp\/v2\/users\/27"}],"replies":[{"embeddable":true,"href":"https:\/\/blogs.correiobraziliense.com.br\/servidor\/wp-json\/wp\/v2\/comments?post=12278"}],"version-history":[{"count":2,"href":"https:\/\/blogs.correiobraziliense.com.br\/servidor\/wp-json\/wp\/v2\/posts\/12278\/revisions"}],"predecessor-version":[{"id":12280,"href":"https:\/\/blogs.correiobraziliense.com.br\/servidor\/wp-json\/wp\/v2\/posts\/12278\/revisions\/12280"}],"wp:attachment":[{"href":"https:\/\/blogs.correiobraziliense.com.br\/servidor\/wp-json\/wp\/v2\/media?parent=12278"}],"wp:term":[{"taxonomy":"category","embeddable":true,"href":"https:\/\/blogs.correiobraziliense.com.br\/servidor\/wp-json\/wp\/v2\/categories?post=12278"},{"taxonomy":"post_tag","embeddable":true,"href":"https:\/\/blogs.correiobraziliense.com.br\/servidor\/wp-json\/wp\/v2\/tags?post=12278"}],"curies":[{"name":"wp","href":"https:\/\/api.w.org\/{rel}","templated":true}]}}