{"id":12273,"date":"2019-04-23T15:29:53","date_gmt":"2019-04-23T18:29:53","guid":{"rendered":"https:\/\/blogs.correiobraziliense.com.br\/servidor\/?p=12273"},"modified":"2019-04-23T15:29:53","modified_gmt":"2019-04-23T18:29:53","slug":"camara-lanca-projeto-gloria-de-combate-a-violencia-contra-a-mulher","status":"publish","type":"post","link":"https:\/\/blogs.correiobraziliense.com.br\/servidor\/camara-lanca-projeto-gloria-de-combate-a-violencia-contra-a-mulher\/","title":{"rendered":"C\u00e2mara lan\u00e7a Projeto Gl\u00f3ria de combate \u00e0 viol\u00eancia contra a mulher"},"content":{"rendered":"<p><em>Plataforma de intelig\u00eancia artificial pretende ampliar a coleta de dados e disseminar informa\u00e7\u00e3o sobre o tema. De acordo com os Rel\u00f3gios da Viol\u00eancia, desenvolvido pelo Instituto Maria da Penha, uma mulher \u00e9 v\u00edtima de viol\u00eancia f\u00edsica ou verbal a cada 2 segundos no Brasil. A maior parte dos casos \u00e9 reincid\u00eancia<\/em><\/p>\n<p>A C\u00e2mara dos Deputados, por iniciativa da Comiss\u00e3o de Defesa dos Direitos da Mulher, lan\u00e7a, nesta ter\u00e7a-feira (23), o Projeto Gl\u00f3ria &#8211; uma plataforma de intelig\u00eancia artificial para o combate \u00e0 viol\u00eancia contra a mulher. O evento ser\u00e1 \u00e0s 17 horas, no sal\u00e3o Nobre da Casa.<\/p>\n<p><strong>O Projeto<\/strong><\/p>\n<p>O Projeto Gl\u00f3ria foi idealizado pela professora Cristina Castro-Lucas, da Universidade de Bras\u00edlia (UnB). Ela reuniu empresas das \u00e1reas social e de tecnologia e criaram a rob\u00f4 Gl\u00f3ria por meio de interfaces inteligentes e de autoaprendizagem, a partir de um conjunto de algoritmos capazes de evoluir com intera\u00e7\u00f5es em linguagem natural com o usu\u00e1rio.<\/p>\n<p>Por meio de experi\u00eancias de intera\u00e7\u00e3o com uso de intelig\u00eancia artificial, os usu\u00e1rios poder\u00e3o vivenciar comportamentos e atitudes de uma pessoa real. A rob\u00f4 Gl\u00f3ria entender\u00e1 os fatos abordados e identificar\u00e1 solu\u00e7\u00f5es para a quebra do ciclo de viol\u00eancia contra mulheres e meninas.<\/p>\n<p>A inten\u00e7\u00e3o \u00e9 alcan\u00e7ar mais de 20 milh\u00f5es de pessoas, e gerar relat\u00f3rios com segmenta\u00e7\u00e3o por faixa et\u00e1ria, local, dados socioecon\u00f4micos e padr\u00e3o de ocorr\u00eancias.<\/p>\n<p><strong>Dados<\/strong><\/p>\n<p>De acordo com os Rel\u00f3gios da Viol\u00eancia, desenvolvido pelo Instituto Maria da Penha, uma mulher \u00e9 v\u00edtima de viol\u00eancia f\u00edsica ou verbal a cada 2 segundos no Brasil. A maior parte dos casos \u00e9 reincid\u00eancia.<\/p>\n<p>Foram registradas 221.238 den\u00fancias de viol\u00eancia dom\u00e9stica em 2017. Mais de 606 casos por dia. Os estupros tiveram um crescimento de 10,1% de 2016 para 2017. Ao todo, 61.032 casos foram denunciados. Mortes consideradas feminic\u00eddio somaram 1.133 casos.<\/p>\n","protected":false},"excerpt":{"rendered":"<p>Plataforma de intelig\u00eancia artificial pretende ampliar a coleta de dados e disseminar informa\u00e7\u00e3o sobre o tema. De acordo com os Rel\u00f3gios da Viol\u00eancia, desenvolvido pelo Instituto Maria da Penha, uma mulher \u00e9 v\u00edtima de viol\u00eancia f\u00edsica ou verbal a cada 2 segundos no Brasil. A maior parte dos casos \u00e9 reincid\u00eancia A C\u00e2mara dos Deputados, por iniciativa da Comiss\u00e3o de [&hellip;]<\/p>\n","protected":false},"author":27,"featured_media":0,"comment_status":"open","ping_status":"closed","sticky":false,"template":"","format":"standard","meta":{"footnotes":""},"categories":[2719],"tags":[61,204,167,15026,3716,15025,3479,4427],"class_list":["post-12273","post","type-post","status-publish","format-standard","hentry","category-servidor","tag-camara","tag-combate","tag-dados","tag-instituto-maria-da-penha","tag-mulher","tag-projeto-gloria","tag-reincidencia","tag-violencia"],"_links":{"self":[{"href":"https:\/\/blogs.correiobraziliense.com.br\/servidor\/wp-json\/wp\/v2\/posts\/12273","targetHints":{"allow":["GET"]}}],"collection":[{"href":"https:\/\/blogs.correiobraziliense.com.br\/servidor\/wp-json\/wp\/v2\/posts"}],"about":[{"href":"https:\/\/blogs.correiobraziliense.com.br\/servidor\/wp-json\/wp\/v2\/types\/post"}],"author":[{"embeddable":true,"href":"https:\/\/blogs.correiobraziliense.com.br\/servidor\/wp-json\/wp\/v2\/users\/27"}],"replies":[{"embeddable":true,"href":"https:\/\/blogs.correiobraziliense.com.br\/servidor\/wp-json\/wp\/v2\/comments?post=12273"}],"version-history":[{"count":1,"href":"https:\/\/blogs.correiobraziliense.com.br\/servidor\/wp-json\/wp\/v2\/posts\/12273\/revisions"}],"predecessor-version":[{"id":12274,"href":"https:\/\/blogs.correiobraziliense.com.br\/servidor\/wp-json\/wp\/v2\/posts\/12273\/revisions\/12274"}],"wp:attachment":[{"href":"https:\/\/blogs.correiobraziliense.com.br\/servidor\/wp-json\/wp\/v2\/media?parent=12273"}],"wp:term":[{"taxonomy":"category","embeddable":true,"href":"https:\/\/blogs.correiobraziliense.com.br\/servidor\/wp-json\/wp\/v2\/categories?post=12273"},{"taxonomy":"post_tag","embeddable":true,"href":"https:\/\/blogs.correiobraziliense.com.br\/servidor\/wp-json\/wp\/v2\/tags?post=12273"}],"curies":[{"name":"wp","href":"https:\/\/api.w.org\/{rel}","templated":true}]}}