{"id":12271,"date":"2019-04-23T15:03:12","date_gmt":"2019-04-23T18:03:12","guid":{"rendered":"https:\/\/blogs.correiobraziliense.com.br\/servidor\/?p=12271"},"modified":"2019-04-23T15:03:12","modified_gmt":"2019-04-23T18:03:12","slug":"salariometro-trabalhadores-com-dificuldades-de-reposicao-salarial","status":"publish","type":"post","link":"https:\/\/blogs.correiobraziliense.com.br\/servidor\/salariometro-trabalhadores-com-dificuldades-de-reposicao-salarial\/","title":{"rendered":"Salari\u00f4metro &#8211; Trabalhadores com dificuldades de reposi\u00e7\u00e3o salarial"},"content":{"rendered":"<p><em>Com a infla\u00e7\u00e3o acumulada em alta, ficou mais dif\u00edcil conseguir a reposi\u00e7\u00e3o da infla\u00e7\u00e3o em mar\u00e7o. Essa \u00e9 uma das conclus\u00f5es do Boletim Salari\u00f4metro da Funda\u00e7\u00e3o Instituto de Pesquisas Econ\u00f4micas (Fipe)<\/em><\/p>\n<p>De acordo com a Funda\u00e7\u00e3o, a infla\u00e7\u00e3o acumulada de mar\u00e7o foi 3,9% (0,3 pontos percentuais acima do m\u00eas anterior), reduzindo o espa\u00e7o para aumentos reais. E a situa\u00e7\u00e3o pode permanecer, pois a proje\u00e7\u00e3o do \u00cdndice de Pre\u00e7os ao Consumidor (INPC) pr\u00f3xima de 5%, em maio, indica dificuldades crescentes.<\/p>\n<p>De acordo com o estudo, o piso salarial mediano de mar\u00e7o chegou a R$ 1.157 (16% acima do sal\u00e1rio m\u00ednimo).<\/p>\n<p>O levantamento tamb\u00e9m destacou que o fechamento de conven\u00e7\u00f5es coletivas em 2019 cntinua crescento e se aproxima do n\u00edvel pr\u00e9-reforma trabalhista. Nos acordos coletivos, por\u00e9m, a dificuldade de fechamento continua.<\/p>\n<p>O destaque do m\u00eas foram os planos de sa\u00fade: a coparticipar\u00e7\u00e3o do empregado \u00e9 bastante frequente, assumindo diversos formatos. Os valores, por\u00e9m, s\u00e3o bastante reduzidos e vi\u00e1veis, reitera a Fipe.<\/p>\n","protected":false},"excerpt":{"rendered":"<p>Com a infla\u00e7\u00e3o acumulada em alta, ficou mais dif\u00edcil conseguir a reposi\u00e7\u00e3o da infla\u00e7\u00e3o em mar\u00e7o. Essa \u00e9 uma das conclus\u00f5es do Boletim Salari\u00f4metro da Funda\u00e7\u00e3o Instituto de Pesquisas Econ\u00f4micas (Fipe) De acordo com a Funda\u00e7\u00e3o, a infla\u00e7\u00e3o acumulada de mar\u00e7o foi 3,9% (0,3 pontos percentuais acima do m\u00eas anterior), reduzindo o espa\u00e7o para aumentos reais. E a situa\u00e7\u00e3o pode [&hellip;]<\/p>\n","protected":false},"author":27,"featured_media":0,"comment_status":"open","ping_status":"closed","sticky":false,"template":"","format":"standard","meta":{"footnotes":""},"categories":[2719],"tags":[2047,15023,15024,8152,576,4002,240,4000,396,1054,12700,882,18,4001,19],"class_list":["post-12271","post","type-post","status-publish","format-standard","hentry","category-servidor","tag-acordos","tag-aumentos-reais","tag-cnvencoes","tag-coparticipacao","tag-empregado","tag-fipe","tag-inflacao","tag-inpc","tag-marco","tag-planos-de-saude","tag-reforma-trabalhsita","tag-reposicao","tag-salarial","tag-salariometro","tag-trabalhadores"],"_links":{"self":[{"href":"https:\/\/blogs.correiobraziliense.com.br\/servidor\/wp-json\/wp\/v2\/posts\/12271","targetHints":{"allow":["GET"]}}],"collection":[{"href":"https:\/\/blogs.correiobraziliense.com.br\/servidor\/wp-json\/wp\/v2\/posts"}],"about":[{"href":"https:\/\/blogs.correiobraziliense.com.br\/servidor\/wp-json\/wp\/v2\/types\/post"}],"author":[{"embeddable":true,"href":"https:\/\/blogs.correiobraziliense.com.br\/servidor\/wp-json\/wp\/v2\/users\/27"}],"replies":[{"embeddable":true,"href":"https:\/\/blogs.correiobraziliense.com.br\/servidor\/wp-json\/wp\/v2\/comments?post=12271"}],"version-history":[{"count":1,"href":"https:\/\/blogs.correiobraziliense.com.br\/servidor\/wp-json\/wp\/v2\/posts\/12271\/revisions"}],"predecessor-version":[{"id":12272,"href":"https:\/\/blogs.correiobraziliense.com.br\/servidor\/wp-json\/wp\/v2\/posts\/12271\/revisions\/12272"}],"wp:attachment":[{"href":"https:\/\/blogs.correiobraziliense.com.br\/servidor\/wp-json\/wp\/v2\/media?parent=12271"}],"wp:term":[{"taxonomy":"category","embeddable":true,"href":"https:\/\/blogs.correiobraziliense.com.br\/servidor\/wp-json\/wp\/v2\/categories?post=12271"},{"taxonomy":"post_tag","embeddable":true,"href":"https:\/\/blogs.correiobraziliense.com.br\/servidor\/wp-json\/wp\/v2\/tags?post=12271"}],"curies":[{"name":"wp","href":"https:\/\/api.w.org\/{rel}","templated":true}]}}