{"id":12269,"date":"2019-04-23T14:47:23","date_gmt":"2019-04-23T17:47:23","guid":{"rendered":"https:\/\/blogs.correiobraziliense.com.br\/servidor\/?p=12269"},"modified":"2019-04-23T16:10:14","modified_gmt":"2019-04-23T19:10:14","slug":"as-acoes-dos-sangues-azuis","status":"publish","type":"post","link":"https:\/\/blogs.correiobraziliense.com.br\/servidor\/as-acoes-dos-sangues-azuis\/","title":{"rendered":"As a\u00e7\u00f5es dos &#8220;sangues-azuis&#8221;"},"content":{"rendered":"<p><em>\u201cNas altera\u00e7\u00f5es na Consolida\u00e7\u00e3o das Leis do Trabalho (CLT) para milh\u00f5es do setor privado, nenhum servidor se mexeu de verdade. Eles ficaram caladinhos, em negocia\u00e7\u00f5es com o governo para evitar o fim do imposto sindical e achavam que uma a\u00e7\u00e3o mais contundente os prejudicaria. Publicamente, at\u00e9 diziam que eram contra. Mas, nos bastidores, reinava o &#8216;n\u00e3o \u00e9 da minha conta'&#8221;<\/em><\/p>\n<p>Centrais sindicais, federa\u00e7\u00f5es e confedera\u00e7\u00f5es de trabalhadores, especialmente as ligadas aos servidores p\u00fablicos federais das carreiras de Estado, est\u00e3o cirurgicamente organizadas e alinhadas para barrar a proposta de Emenda \u00e0 Constitui\u00e7\u00e3o (PEC) da reforma da Previd\u00eancia, em tramita\u00e7\u00e3o na C\u00e2mara dos Deputados. Os chamados sangues-azuis passaram a usar as mesmas armas do governo. Se estabeleceu uma guerra de propagandas em m\u00eddias sociais e tradicionais. Dinheiro a rodo que jorra em defesa de categorias espec\u00edficas, mas n\u00e3o necessariamente em benef\u00edcio da sociedade, de acordo com especialistas.<\/p>\n<p>Ao olhar a agenda de atividades \u2013 manifesta\u00e7\u00f5es, paralisa\u00e7\u00f5es, visitas a autoridades e parlamentares-, analistas do mercado observam que o foco da elite do servi\u00e7o p\u00fablico n\u00e3o mudou: \u00e9 salvaguardar os pr\u00f3prios interesses. Do contr\u00e1rio, teriam, em passado recente, atua\u00e7\u00e3o efetiva em decis\u00f5es que prejudicaram a parte mais pobre da popula\u00e7\u00e3o, como a reforma trabalhista e a terceiriza\u00e7\u00e3o irrestrita. Mas para a previs\u00e3o de aumento do desconto nos sal\u00e1rios de 11% para 14% at\u00e9 22% da contribui\u00e7\u00e3o previdenci\u00e1ria, com a inten\u00e7\u00e3o de economia R$ 29,3 bilh\u00f5es em 10 anos, a rea\u00e7\u00e3o foi imediata.<\/p>\n<p>\u201cNas altera\u00e7\u00f5es na Consolida\u00e7\u00e3o das Leis do Trabalho (CLT) para milh\u00f5es do setor privado, nenhum servidor se mexeu de verdade. Eles ficaram caladinhos, em negocia\u00e7\u00f5es com o governo para evitar o fim do imposto sindical e achavam que uma a\u00e7\u00e3o mais contundente os prejudicaria. Publicamente, at\u00e9 diziam que eram contra. Mas, nos bastidores, reinava o &#8216;n\u00e3o \u00e9 da minha conta&#8217;\u201d, destacou um t\u00e9cnico que n\u00e3o quis se identificar. No entender do economista Gil Castello Branco, secret\u00e1rio-geral da Associa\u00e7\u00e3o Contas Abertas, sem a reforma, o futuro do pa\u00eds \u00e9 incerto.<\/p>\n<p>O corporativismo no setor p\u00fablico \u00e9 um dos mais organizados, admitiu. \u201cS\u00e3o cerca de 1,1 milh\u00e3o de federais e de mais de 12 milh\u00f5es de funcion\u00e1rios estaduais e municipais no pa\u00eds, que pensam com o bolso e t\u00eam a receptividade dos parlamentares, que pensam com o voto. Esse \u00e9 o drama. Cada carreira olha para o pr\u00f3prio umbigo ou para o benef\u00edcio do vizinho\u201d, ironizou Castello Branco. Ele lembrou que o rombo total da Previd\u00eancia, de R$ 265,2 bilh\u00f5es em 2018, tende a crescer para R$ 294,9 bilh\u00f5es esse ano.<\/p>\n<p><strong>Capitaliza\u00e7\u00e3o<\/strong><\/p>\n<p>Vladimir Nepomuceno, ex-assessor do Minist\u00e9rio do Planejamento, assinalou que a estrat\u00e9gia de alguns servidores est\u00e1 equivocada. O eixo central deveria ser o projeto de capitaliza\u00e7\u00e3o da Previd\u00eancia e a retirada dos direitos dos trabalhadores da Constitui\u00e7\u00e3o. Como exemplo, ele citou o Fundo de Garantia do Tempo de Servi\u00e7o (FGTS). Antes do FGTS, o trabalhador se tornava \u201cest\u00e1vel\u201d com 10 anos de servi\u00e7o. Se fosse demitido ap\u00f3s, recebia uma grande indeniza\u00e7\u00e3o. \u201cPerto do prazo, os patr\u00f5es demitiam e contratavam com a op\u00e7\u00e3o pelo FGTS e sal\u00e1rio maior. Em pouco tempo, na d\u00e9cada de 1960, o FGTS deixou de ser uma op\u00e7\u00e3o. Quem n\u00e3o aceitava, n\u00e3o tinha emprego. O mesmo vai acontecer com a capitaliza\u00e7\u00e3o. Se for adotada, ningu\u00e9m mais se livrar\u00e1 dela\u201d, disse Nepomuceno.<\/p>\n","protected":false},"excerpt":{"rendered":"<p>\u201cNas altera\u00e7\u00f5es na Consolida\u00e7\u00e3o das Leis do Trabalho (CLT) para milh\u00f5es do setor privado, nenhum servidor se mexeu de verdade. Eles ficaram caladinhos, em negocia\u00e7\u00f5es com o governo para evitar o fim do imposto sindical e achavam que uma a\u00e7\u00e3o mais contundente os prejudicaria. Publicamente, at\u00e9 diziam que eram contra. Mas, nos bastidores, reinava o &#8216;n\u00e3o \u00e9 da minha conta&#8217;&#8221; [&hellip;]<\/p>\n","protected":false},"author":27,"featured_media":0,"comment_status":"open","ping_status":"closed","sticky":false,"template":"","format":"standard","meta":{"footnotes":""},"categories":[2719],"tags":[4125,803,2272,2584,131,619,4278,197,685,98,15022,9253,1867,58],"class_list":["post-12269","post","type-post","status-publish","format-standard","hentry","category-servidor","tag-capitalizacao","tag-categorias","tag-clt","tag-constituicao","tag-contribuicao","tag-direitos","tag-elite","tag-emprego","tag-fgts","tag-governo","tag-reforma-da-ptevidencia","tag-reforma-trabalhista","tag-sangues-azuis","tag-servidores"],"_links":{"self":[{"href":"https:\/\/blogs.correiobraziliense.com.br\/servidor\/wp-json\/wp\/v2\/posts\/12269","targetHints":{"allow":["GET"]}}],"collection":[{"href":"https:\/\/blogs.correiobraziliense.com.br\/servidor\/wp-json\/wp\/v2\/posts"}],"about":[{"href":"https:\/\/blogs.correiobraziliense.com.br\/servidor\/wp-json\/wp\/v2\/types\/post"}],"author":[{"embeddable":true,"href":"https:\/\/blogs.correiobraziliense.com.br\/servidor\/wp-json\/wp\/v2\/users\/27"}],"replies":[{"embeddable":true,"href":"https:\/\/blogs.correiobraziliense.com.br\/servidor\/wp-json\/wp\/v2\/comments?post=12269"}],"version-history":[{"count":2,"href":"https:\/\/blogs.correiobraziliense.com.br\/servidor\/wp-json\/wp\/v2\/posts\/12269\/revisions"}],"predecessor-version":[{"id":12277,"href":"https:\/\/blogs.correiobraziliense.com.br\/servidor\/wp-json\/wp\/v2\/posts\/12269\/revisions\/12277"}],"wp:attachment":[{"href":"https:\/\/blogs.correiobraziliense.com.br\/servidor\/wp-json\/wp\/v2\/media?parent=12269"}],"wp:term":[{"taxonomy":"category","embeddable":true,"href":"https:\/\/blogs.correiobraziliense.com.br\/servidor\/wp-json\/wp\/v2\/categories?post=12269"},{"taxonomy":"post_tag","embeddable":true,"href":"https:\/\/blogs.correiobraziliense.com.br\/servidor\/wp-json\/wp\/v2\/tags?post=12269"}],"curies":[{"name":"wp","href":"https:\/\/api.w.org\/{rel}","templated":true}]}}