{"id":12265,"date":"2019-04-22T16:13:47","date_gmt":"2019-04-22T19:13:47","guid":{"rendered":"https:\/\/blogs.correiobraziliense.com.br\/servidor\/?p=12265"},"modified":"2019-04-22T16:13:47","modified_gmt":"2019-04-22T19:13:47","slug":"aberto-processo-seletivo-para-estagiarios-de-nivel-medio-e-superior-no-tst","status":"publish","type":"post","link":"https:\/\/blogs.correiobraziliense.com.br\/servidor\/aberto-processo-seletivo-para-estagiarios-de-nivel-medio-e-superior-no-tst\/","title":{"rendered":"Aberto processo seletivo para estagi\u00e1rios de n\u00edvel m\u00e9dio e superior no TST"},"content":{"rendered":"<p><em>As inscri\u00e7\u00f5es v\u00e3o at\u00e9 1\u00ba de maio. O processo seletivo ter\u00e1 validade de 12 meses.\u00a0As bolsas-aux\u00edlio s\u00e3o de R$ 800 para o n\u00edvel superior e de R$ 540 para o n\u00edvel m\u00e9dio, com aux\u00edlio-transporte de R$ 220<\/em><\/p>\n<p>Est\u00e3o abertas as inscri\u00e7\u00f5es para o processo seletivo anual de estagi\u00e1rios do Tribunal Superior do Trabalho (TST), em Bras\u00edlia. Podem se inscrever estudantes de n\u00edvel superior vinculados a institui\u00e7\u00f5es p\u00fablicas e privadas, desde que estejam matriculados a partir do terceiro semestre na data da contrata\u00e7\u00e3o, e estudantes de n\u00edvel m\u00e9dio vinculados a institui\u00e7\u00f5es p\u00fablicas do Distrito Federal.<\/p>\n<p>O processo seletivo, composto por duas fases, tem validade de 12 meses e est\u00e1 a cargo do Centro de Integra\u00e7\u00e3o Empresa Escola (CIEE), que receber\u00e1 as inscri\u00e7\u00f5es at\u00e9 1\u00ba de maio de 2019, sem cobran\u00e7a de taxa, neste link.<\/p>\n<p>Na primeira fase, de car\u00e1ter eliminat\u00f3rio e classificat\u00f3rio, ser\u00e1 aplicada prova objetiva, com data prevista para 19 de maio. A segunda fase, de car\u00e1ter classificat\u00f3rio &#8211;\u00a0 entrevista e avalia\u00e7\u00e3o de habilidades, com execu\u00e7\u00e3o a cargo do Tribunal -, para verificar a adequa\u00e7\u00e3o do perfil do candidato \u00e0s atividades a serem desenvolvidas no est\u00e1gio.<\/p>\n<p>As bolsas-aux\u00edlio s\u00e3o de R$ 800 para o n\u00edvel superior e de R$ 540 para o n\u00edvel m\u00e9dio, com aux\u00edlio-transporte de R$ 220.<\/p>\n<p>O est\u00e1gio no TST tem dura\u00e7\u00e3o de 20 horas semanais, distribu\u00eddas em quatro horas di\u00e1rias, de segunda a sexta-feira, em hor\u00e1rios e turnos definidos pelo Tribunal.<\/p>\n<p>Os cursos de n\u00edvel superior admitidos s\u00e3o Direito, Administra\u00e7\u00e3o, Arquivologia, Ci\u00eancias Econ\u00f4micas, Educa\u00e7\u00e3o F\u00edsica, Estat\u00edstica, Inform\u00e1tica, Jornalismo, Matem\u00e1tica, Museologia, Publicidade e Propaganda e Secretariado Executivo<\/p>\n<p>Veja o <a href=\"https:\/\/portal.ciee.org.br\/processos-seletivos-especiais\/tst-abr19\/\">edital<\/a>.<\/p>\n","protected":false},"excerpt":{"rendered":"<p>As inscri\u00e7\u00f5es v\u00e3o at\u00e9 1\u00ba de maio. O processo seletivo ter\u00e1 validade de 12 meses.\u00a0As bolsas-aux\u00edlio s\u00e3o de R$ 800 para o n\u00edvel superior e de R$ 540 para o n\u00edvel m\u00e9dio, com aux\u00edlio-transporte de R$ 220 Est\u00e3o abertas as inscri\u00e7\u00f5es para o processo seletivo anual de estagi\u00e1rios do Tribunal Superior do Trabalho (TST), em Bras\u00edlia. Podem se inscrever estudantes [&hellip;]<\/p>\n","protected":false},"author":27,"featured_media":0,"comment_status":"open","ping_status":"closed","sticky":false,"template":"","format":"standard","meta":{"footnotes":""},"categories":[2719],"tags":[2695,300,901,1163,7907,309,1157,3071,1158,503],"class_list":["post-12265","post","type-post","status-publish","format-standard","hentry","category-servidor","tag-candidato","tag-cargo","tag-estagiarios","tag-estudantes","tag-nivel-medio","tag-nivel-superior","tag-processo","tag-prova","tag-seletivo","tag-tst"],"_links":{"self":[{"href":"https:\/\/blogs.correiobraziliense.com.br\/servidor\/wp-json\/wp\/v2\/posts\/12265","targetHints":{"allow":["GET"]}}],"collection":[{"href":"https:\/\/blogs.correiobraziliense.com.br\/servidor\/wp-json\/wp\/v2\/posts"}],"about":[{"href":"https:\/\/blogs.correiobraziliense.com.br\/servidor\/wp-json\/wp\/v2\/types\/post"}],"author":[{"embeddable":true,"href":"https:\/\/blogs.correiobraziliense.com.br\/servidor\/wp-json\/wp\/v2\/users\/27"}],"replies":[{"embeddable":true,"href":"https:\/\/blogs.correiobraziliense.com.br\/servidor\/wp-json\/wp\/v2\/comments?post=12265"}],"version-history":[{"count":1,"href":"https:\/\/blogs.correiobraziliense.com.br\/servidor\/wp-json\/wp\/v2\/posts\/12265\/revisions"}],"predecessor-version":[{"id":12266,"href":"https:\/\/blogs.correiobraziliense.com.br\/servidor\/wp-json\/wp\/v2\/posts\/12265\/revisions\/12266"}],"wp:attachment":[{"href":"https:\/\/blogs.correiobraziliense.com.br\/servidor\/wp-json\/wp\/v2\/media?parent=12265"}],"wp:term":[{"taxonomy":"category","embeddable":true,"href":"https:\/\/blogs.correiobraziliense.com.br\/servidor\/wp-json\/wp\/v2\/categories?post=12265"},{"taxonomy":"post_tag","embeddable":true,"href":"https:\/\/blogs.correiobraziliense.com.br\/servidor\/wp-json\/wp\/v2\/tags?post=12265"}],"curies":[{"name":"wp","href":"https:\/\/api.w.org\/{rel}","templated":true}]}}