{"id":12263,"date":"2019-04-22T14:43:36","date_gmt":"2019-04-22T17:43:36","guid":{"rendered":"https:\/\/blogs.correiobraziliense.com.br\/servidor\/?p=12263"},"modified":"2019-04-22T14:43:36","modified_gmt":"2019-04-22T17:43:36","slug":"cni-confianca-do-empresario-cai-para-584-pontos-o-menor-nivel-desde-outubro-de-2018","status":"publish","type":"post","link":"https:\/\/blogs.correiobraziliense.com.br\/servidor\/cni-confianca-do-empresario-cai-para-584-pontos-o-menor-nivel-desde-outubro-de-2018\/","title":{"rendered":"CNI &#8211; Confian\u00e7a do empres\u00e1rio cai para 58,4 pontos, o menor n\u00edvel desde outubro de 2018"},"content":{"rendered":"<p><i>\u00a0 Pesquisa divulgada pela CNI aponta recuo de 3,5 pontos em abril. Apesar da terceira\u00a0queda seguida do indicador, o ICEI est\u00e1 quatro pontos acima da m\u00e9dia hist\u00f3rica<br \/>\n<\/i><\/p>\n<p>O \u00cdndice de Confian\u00e7a do Empres\u00e1rio Industrial (ICEI) recuou para 58,4 pontos neste m\u00eas. Esta \u00e9 a terceira queda consecutiva do indicador, que caiu 0,2 ponto em fevereiro, 2,6 pontos em mar\u00e7o e 3,5 pontos em abril. Com a maior queda dos \u00faltimos meses, conforme pesquisa divulgada nesta segunda-feira, 22 de abril, pela Confedera\u00e7\u00e3o Nacional da Ind\u00fastria (CNI), o \u00edndice totaliza 6,3 pontos de recuo nos \u00faltimos tr\u00eas meses e volta a ficar abaixo dos 60 pontos, o que n\u00e3o ocorria desde outubro de 2018.<\/p>\n<p>O economista da CNI Marcelo Azevedo alerta que, apesar da sequ\u00eancia negativa, a confian\u00e7a do empres\u00e1rio permanece acima da m\u00e9dia hist\u00f3rica, que \u00e9 de 54,4 pontos. Os indicadores variam de zero a cem pontos. Quando est\u00e3o acima de 50 pontos mostram que os empres\u00e1rios est\u00e3o otimistas. Em abril do ano passado, o ICEI estava em 56,7 pontos, portanto quase dois pontos abaixo do registrado neste m\u00eas. \u201cOs empres\u00e1rios continuam otimistas, embora mais uma queda no ICEI sinalize preocupa\u00e7\u00e3o em rela\u00e7\u00e3o ao futuro. A confian\u00e7a na ind\u00fastria tende a melhorar se a reforma da Previd\u00eancia avan\u00e7ar de forma satisfat\u00f3ria no Congresso Nacional\u201d, afirma Azevedo.<\/p>\n<p>De acordo com a pesquisa da CNI, a queda do ICEI \u00e9 atribu\u00edda a dois fatores: o recuo das expectativas do empres\u00e1rio e a piora da avalia\u00e7\u00e3o das condi\u00e7\u00f5es de neg\u00f3cios. O \u00cdndice de Condi\u00e7\u00f5es Atuais, um dos t\u00f3picos que comp\u00f5em o ICEI, caiu 3,8 pontos e atingiu a marca de 49,8 pontos. O patamar \u00e9 inferior a linha divis\u00f3ria de 50 pontos, o que aponta que o empres\u00e1rio n\u00e3o notou melhora nas condi\u00e7\u00f5es correntes de neg\u00f3cios.<\/p>\n<p><strong>Regi\u00f5es<\/strong><\/p>\n<p>J\u00e1 o \u00cdndice de Expectativas recuou 3,5 pontos, chegando a 62,6 pontos. Embora tenha ca\u00eddo, continua em um patamar elevado, mais de 12 pontos acima da linha que divide as expectativas negativas das positivas. Entre as regi\u00f5es do pa\u00eds, Sul e Sudeste foram as que registraram a maior queda no ICEI, ambas com 4,2 pontos negativos.<\/p>\n<p>Esta edi\u00e7\u00e3o do ICEI foi feita entre entre 1\u00ba e 12 de abril com 2.371 empresas. Dessas, 932 s\u00e3o pequenas, 894 s\u00e3o m\u00e9dias e 545 s\u00e3o de grande porte.<\/p>\n","protected":false},"excerpt":{"rendered":"<p>\u00a0 Pesquisa divulgada pela CNI aponta recuo de 3,5 pontos em abril. Apesar da terceira\u00a0queda seguida do indicador, o ICEI est\u00e1 quatro pontos acima da m\u00e9dia hist\u00f3rica O \u00cdndice de Confian\u00e7a do Empres\u00e1rio Industrial (ICEI) recuou para 58,4 pontos neste m\u00eas. Esta \u00e9 a terceira queda consecutiva do indicador, que caiu 0,2 ponto em fevereiro, 2,6 pontos em mar\u00e7o e [&hellip;]<\/p>\n","protected":false},"author":27,"featured_media":0,"comment_status":"open","ping_status":"closed","sticky":false,"template":"","format":"standard","meta":{"footnotes":""},"categories":[2719],"tags":[1545,2768,3172,693,15018,2043,9140,15017,4493,1495,1061,3472,2991,1414,1377,9727],"class_list":["post-12263","post","type-post","status-publish","format-standard","hentry","category-servidor","tag-abril","tag-cni","tag-confianca","tag-congresso-nacional","tag-consecutiva","tag-empresario","tag-historica","tag-icei","tag-indicadores","tag-industria","tag-media","tag-negocios","tag-outubro","tag-preocupacao","tag-queda","tag-reforma-da-previdencia"],"_links":{"self":[{"href":"https:\/\/blogs.correiobraziliense.com.br\/servidor\/wp-json\/wp\/v2\/posts\/12263","targetHints":{"allow":["GET"]}}],"collection":[{"href":"https:\/\/blogs.correiobraziliense.com.br\/servidor\/wp-json\/wp\/v2\/posts"}],"about":[{"href":"https:\/\/blogs.correiobraziliense.com.br\/servidor\/wp-json\/wp\/v2\/types\/post"}],"author":[{"embeddable":true,"href":"https:\/\/blogs.correiobraziliense.com.br\/servidor\/wp-json\/wp\/v2\/users\/27"}],"replies":[{"embeddable":true,"href":"https:\/\/blogs.correiobraziliense.com.br\/servidor\/wp-json\/wp\/v2\/comments?post=12263"}],"version-history":[{"count":1,"href":"https:\/\/blogs.correiobraziliense.com.br\/servidor\/wp-json\/wp\/v2\/posts\/12263\/revisions"}],"predecessor-version":[{"id":12264,"href":"https:\/\/blogs.correiobraziliense.com.br\/servidor\/wp-json\/wp\/v2\/posts\/12263\/revisions\/12264"}],"wp:attachment":[{"href":"https:\/\/blogs.correiobraziliense.com.br\/servidor\/wp-json\/wp\/v2\/media?parent=12263"}],"wp:term":[{"taxonomy":"category","embeddable":true,"href":"https:\/\/blogs.correiobraziliense.com.br\/servidor\/wp-json\/wp\/v2\/categories?post=12263"},{"taxonomy":"post_tag","embeddable":true,"href":"https:\/\/blogs.correiobraziliense.com.br\/servidor\/wp-json\/wp\/v2\/tags?post=12263"}],"curies":[{"name":"wp","href":"https:\/\/api.w.org\/{rel}","templated":true}]}}