{"id":1226,"date":"2016-03-10T12:06:33","date_gmt":"2016-03-10T15:06:33","guid":{"rendered":"https:\/\/blogs.correiobraziliense.com.br\/servidor\/?p=1226"},"modified":"2016-03-10T12:37:08","modified_gmt":"2016-03-10T15:37:08","slug":"servidores-do-senado-federal","status":"publish","type":"post","link":"https:\/\/blogs.correiobraziliense.com.br\/servidor\/servidores-do-senado-federal\/","title":{"rendered":"SENADO FEDERAL FAZ COMEMORA\u00c7\u00c3O AO M\u00caS DA MULHER"},"content":{"rendered":"<p><em><span style=\"color: #444444;font-family: verdana,sans-serif\">M\u00fasica e poesia de Elisa Lucinda agita o Senado hoje. <\/span><\/em><span style=\"color: #444444;font-family: verdana,sans-serif\"><i>Artista se apresentar\u00e1 \u00e0s 16 horas, no Audit\u00f3rio Petr\u00f4nio Portella em comemora\u00e7\u00e3o ao M\u00eas da Mulher<\/i><\/span><\/p>\n<p><span style=\"color: #444444;font-family: verdana,sans-serif\">As servidoras do Senado Federal poder\u00e3o se deliciar, nesta quinta-feira (10), com os poemas e can\u00e7\u00f5es de Elisa Lucinda. A atriz, cantora e poetisa capixaba se apresentar\u00e1 \u00e0s 16 horas no Audit\u00f3rio Petr\u00f4nio Portella, como parte das comemora\u00e7\u00f5es do M\u00eas da Mulher organizadas pela Procuradoria Especial da Mulher e pelo Comit\u00ea pela Promo\u00e7\u00e3o da Igualdade de G\u00eanero da Casa, com patroc\u00ednio do Sindicato dos Servidores do Poder Legislativo Federal e do Tribunal de Contas da Uni\u00e3o (Sindilegis).\u00a0<\/span><\/p>\n<p><span style=\"color: #444444;font-family: verdana,sans-serif\">Durante o evento tamb\u00e9m ser\u00e1 lan\u00e7ada a campanha &#8220;Com que bolsa eu vou?&#8221;, para\u00a0arrecadar roupas, cal\u00e7ados e itens de beleza e higiene pessoal a serem doados a mulheres que vivem provisoriamente na Casa Abrigo do Distrito Federal. A iniciativa, fruto de parceria entre a diretoria-Geral do Senado, a Liga do Bem e o GDF, pretende resgatar\u00a0a autoestima de mulheres em situa\u00e7\u00e3o de vulnerabilidade.\u00a0<\/span><\/p>\n","protected":false},"excerpt":{"rendered":"<p>M\u00fasica e poesia de Elisa Lucinda agita o Senado hoje. Artista se apresentar\u00e1 \u00e0s 16 horas, no Audit\u00f3rio Petr\u00f4nio Portella em comemora\u00e7\u00e3o ao M\u00eas da Mulher As servidoras do Senado Federal poder\u00e3o se deliciar, nesta quinta-feira (10), com os poemas e can\u00e7\u00f5es de Elisa Lucinda. A atriz, cantora e poetisa capixaba se apresentar\u00e1 \u00e0s 16 horas no Audit\u00f3rio Petr\u00f4nio Portella, [&hellip;]<\/p>\n","protected":false},"author":27,"featured_media":0,"comment_status":"open","ping_status":"closed","sticky":false,"template":"","format":"standard","meta":{"footnotes":""},"categories":[1],"tags":[1279,897,1278,1277,696],"class_list":["post-1226","post","type-post","status-publish","format-standard","hentry","category-sem-categoria","tag-auditorio-petronio-portella","tag-comemoracao","tag-elisa-lucinda","tag-mes-da-mulher","tag-senado"],"_links":{"self":[{"href":"https:\/\/blogs.correiobraziliense.com.br\/servidor\/wp-json\/wp\/v2\/posts\/1226","targetHints":{"allow":["GET"]}}],"collection":[{"href":"https:\/\/blogs.correiobraziliense.com.br\/servidor\/wp-json\/wp\/v2\/posts"}],"about":[{"href":"https:\/\/blogs.correiobraziliense.com.br\/servidor\/wp-json\/wp\/v2\/types\/post"}],"author":[{"embeddable":true,"href":"https:\/\/blogs.correiobraziliense.com.br\/servidor\/wp-json\/wp\/v2\/users\/27"}],"replies":[{"embeddable":true,"href":"https:\/\/blogs.correiobraziliense.com.br\/servidor\/wp-json\/wp\/v2\/comments?post=1226"}],"version-history":[{"count":2,"href":"https:\/\/blogs.correiobraziliense.com.br\/servidor\/wp-json\/wp\/v2\/posts\/1226\/revisions"}],"predecessor-version":[{"id":1234,"href":"https:\/\/blogs.correiobraziliense.com.br\/servidor\/wp-json\/wp\/v2\/posts\/1226\/revisions\/1234"}],"wp:attachment":[{"href":"https:\/\/blogs.correiobraziliense.com.br\/servidor\/wp-json\/wp\/v2\/media?parent=1226"}],"wp:term":[{"taxonomy":"category","embeddable":true,"href":"https:\/\/blogs.correiobraziliense.com.br\/servidor\/wp-json\/wp\/v2\/categories?post=1226"},{"taxonomy":"post_tag","embeddable":true,"href":"https:\/\/blogs.correiobraziliense.com.br\/servidor\/wp-json\/wp\/v2\/tags?post=1226"}],"curies":[{"name":"wp","href":"https:\/\/api.w.org\/{rel}","templated":true}]}}