{"id":12253,"date":"2019-04-22T10:31:58","date_gmt":"2019-04-22T13:31:58","guid":{"rendered":"https:\/\/blogs.correiobraziliense.com.br\/servidor\/?p=12253"},"modified":"2019-04-22T10:33:50","modified_gmt":"2019-04-22T13:33:50","slug":"concurso-nacional-premiara-charges-que-destaquem-a-importancia-da-previdencia-social","status":"publish","type":"post","link":"https:\/\/blogs.correiobraziliense.com.br\/servidor\/concurso-nacional-premiara-charges-que-destaquem-a-importancia-da-previdencia-social\/","title":{"rendered":"Concurso nacional premiar\u00e1 charges que destaquem a import\u00e2ncia da Previd\u00eancia Social"},"content":{"rendered":"<p><em>Trabalhos podem ser enviados at\u00e9 o dia 23 de abril para o email concursodecharges2019@fonacate.org.br. Com o tema \u201cNova Previd\u00eancia: melhor para quem?\u201d, o certame tem como objetivo alertar a sociedade para a amea\u00e7a que a PEC 6\/2019 representa ao direito \u00e0 aposentadoria, de acordo com os organizadores.\u00a0Podem participar chargistas, desenhistas e profissionais afins de todo o pa\u00eds<\/em><\/p>\n<p><img loading=\"lazy\" decoding=\"async\" class=\"alignright size-full wp-image-12256\" src=\"https:\/\/blogs.correiobraziliense.com.br\/servidor\/wp-content\/uploads\/sites\/10\/2019\/04\/concurso-charges.jpg\" alt=\"\" width=\"760\" height=\"760\" srcset=\"https:\/\/blogs.correiobraziliense.com.br\/servidor\/wp-content\/uploads\/sites\/10\/2019\/04\/concurso-charges.jpg 760w, https:\/\/blogs.correiobraziliense.com.br\/servidor\/wp-content\/uploads\/sites\/10\/2019\/04\/concurso-charges-150x150.jpg 150w, https:\/\/blogs.correiobraziliense.com.br\/servidor\/wp-content\/uploads\/sites\/10\/2019\/04\/concurso-charges-300x300.jpg 300w, https:\/\/blogs.correiobraziliense.com.br\/servidor\/wp-content\/uploads\/sites\/10\/2019\/04\/concurso-charges-350x350.jpg 350w, https:\/\/blogs.correiobraziliense.com.br\/servidor\/wp-content\/uploads\/sites\/10\/2019\/04\/concurso-charges-550x550.jpg 550w, https:\/\/blogs.correiobraziliense.com.br\/servidor\/wp-content\/uploads\/sites\/10\/2019\/04\/concurso-charges-230x230.jpg 230w\" sizes=\"auto, (max-width: 760px) 100vw, 760px\" \/><\/p>\n<p>Humor com informa\u00e7\u00e3o. O F\u00f3rum Nacional das Carreiras de Estado (Fonacate) vai premiar com R$ 8 mil, R$ 4 mil e R$ 2 mil as tr\u00eas melhores charges que destaquem, com criatividade, a import\u00e2ncia da Previd\u00eancia P\u00fablica. Com o tema \u201cNova Previd\u00eancia: melhor para quem?\u201d, o concurso tem como objetivo alertar a sociedade para a amea\u00e7a que a Proposta de Emenda \u00e0 Constitui\u00e7\u00e3o (PEC) 6\/2019 representa ao direito \u00e0s aposentadorias e pens\u00f5es. Os trabalhos podem ser enviados at\u00e9 o dia 23 de abril, para o email concursodecharges2019@fonacate.org.br, com a ficha de inscri\u00e7\u00e3o dispon\u00edvel no anexo I do regulamento, preenchida e assinada. Podem participar chargistas, desenhistas e profissionais afins de todo o pa\u00eds.<\/p>\n<p>Ser\u00e3o aceitos apenas trabalhos in\u00e9ditos e autorais, sendo limitada a apresenta\u00e7\u00e3o de apenas uma charge por participante. De acordo com o item 1.4 do regulamento, \u201c\u00e9 vedado o uso de nomes verdadeiros de personalidades ou autoridades nas charges. Os inscritos devem, necessariamente, recorrer a nomes fict\u00edcios para ilustrar as rela\u00e7\u00f5es de poder nos trabalhos. As obras que n\u00e3o atenderem a esse princ\u00edpio ser\u00e3o desclassificadas\u201d.<\/p>\n<p><strong>Cronograma<\/strong><\/p>\n<p>Encerrado o prazo para inscri\u00e7\u00e3o, os trabalhos homologados ser\u00e3o postados na p\u00e1gina do Fonacate, no facebook. As 10 charges mais curtidas ser\u00e3o submetidas \u00e0 avalia\u00e7\u00e3o de uma comiss\u00e3o julgadora. De acordo com o item 4.2 do regulamento, ser\u00e3o contabilizadas apenas as curtidas recebidas nas charges publicadas na p\u00e1gina do oficial Fonacate, no facebook. O resultado final ser\u00e1 divulgado no site do F\u00f3rum. O concurso obedecer\u00e1 ao seguinte cronograma:<\/p>\n<p>Lan\u00e7amento &#8211; 25 de mar\u00e7o<br \/>\nInscri\u00e7\u00f5es &#8211; At\u00e9 o dia 24 de abril de 2019<br \/>\nDivulga\u00e7\u00e3o da listagem de inscri\u00e7\u00f5es deferidas &#8211; Dia 25 de abril de 2019<br \/>\nVota\u00e7\u00e3o das charges no facebook &#8211; De 26 de abril a 10 de maio de 2019<br \/>\nJulgamento pela Comiss\u00e3o Julgadora &#8211; De 11 a 13 de maio de 2019<br \/>\nDivulga\u00e7\u00e3o do resultado do Concurso &#8211; 14 de maio de 2019<br \/>\nPremia\u00e7\u00e3o -17 de maio de 2019<\/p>\n<p>Fontes: Fonacate e Unacon Sindical<\/p>\n<p>Saiba mais em: https:\/\/bit.ly\/2JWzSpR<\/p>\n","protected":false},"excerpt":{"rendered":"<p>Trabalhos podem ser enviados at\u00e9 o dia 23 de abril para o email concursodecharges2019@fonacate.org.br. Com o tema \u201cNova Previd\u00eancia: melhor para quem?\u201d, o certame tem como objetivo alertar a sociedade para a amea\u00e7a que a PEC 6\/2019 representa ao direito \u00e0 aposentadoria, de acordo com os organizadores.\u00a0Podem participar chargistas, desenhistas e profissionais afins de todo o pa\u00eds Humor com informa\u00e7\u00e3o. [&hellip;]<\/p>\n","protected":false},"author":27,"featured_media":0,"comment_status":"open","ping_status":"closed","sticky":false,"template":"","format":"standard","meta":{"footnotes":""},"categories":[2719],"tags":[6,15014,15011,15012,93,15013,116,2888,1840,82,3549,13301,781,70,1435,14765,1603,2508,351,1455],"class_list":["post-12253","post","type-post","status-publish","format-standard","hentry","category-servidor","tag-aposentadoria","tag-autorais","tag-charges","tag-chargistas","tag-concurso","tag-desenhistas","tag-direito","tag-facebook","tag-ficticios","tag-fonacate","tag-importancia","tag-ineditos","tag-inscricoes","tag-nacional","tag-nomes","tag-pec-6-2019","tag-previdencia-social","tag-resultado","tag-sociedade","tag-unacon-sindical"],"_links":{"self":[{"href":"https:\/\/blogs.correiobraziliense.com.br\/servidor\/wp-json\/wp\/v2\/posts\/12253","targetHints":{"allow":["GET"]}}],"collection":[{"href":"https:\/\/blogs.correiobraziliense.com.br\/servidor\/wp-json\/wp\/v2\/posts"}],"about":[{"href":"https:\/\/blogs.correiobraziliense.com.br\/servidor\/wp-json\/wp\/v2\/types\/post"}],"author":[{"embeddable":true,"href":"https:\/\/blogs.correiobraziliense.com.br\/servidor\/wp-json\/wp\/v2\/users\/27"}],"replies":[{"embeddable":true,"href":"https:\/\/blogs.correiobraziliense.com.br\/servidor\/wp-json\/wp\/v2\/comments?post=12253"}],"version-history":[{"count":3,"href":"https:\/\/blogs.correiobraziliense.com.br\/servidor\/wp-json\/wp\/v2\/posts\/12253\/revisions"}],"predecessor-version":[{"id":12257,"href":"https:\/\/blogs.correiobraziliense.com.br\/servidor\/wp-json\/wp\/v2\/posts\/12253\/revisions\/12257"}],"wp:attachment":[{"href":"https:\/\/blogs.correiobraziliense.com.br\/servidor\/wp-json\/wp\/v2\/media?parent=12253"}],"wp:term":[{"taxonomy":"category","embeddable":true,"href":"https:\/\/blogs.correiobraziliense.com.br\/servidor\/wp-json\/wp\/v2\/categories?post=12253"},{"taxonomy":"post_tag","embeddable":true,"href":"https:\/\/blogs.correiobraziliense.com.br\/servidor\/wp-json\/wp\/v2\/tags?post=12253"}],"curies":[{"name":"wp","href":"https:\/\/api.w.org\/{rel}","templated":true}]}}