{"id":12249,"date":"2019-04-17T19:04:38","date_gmt":"2019-04-17T22:04:38","guid":{"rendered":"https:\/\/blogs.correiobraziliense.com.br\/servidor\/?p=12249"},"modified":"2019-04-17T19:04:38","modified_gmt":"2019-04-17T22:04:38","slug":"walter-barelli-sofreu-um-acidente","status":"publish","type":"post","link":"https:\/\/blogs.correiobraziliense.com.br\/servidor\/walter-barelli-sofreu-um-acidente\/","title":{"rendered":"Walter Barelli sofreu um acidente"},"content":{"rendered":"<p><em>De acordo com informa\u00e7\u00f5es da fam\u00edlia, ele aiu de uma escada na quarta-feira, dia 10 de abril, ao sair do Instituto Tomie Ohtake e bateu fortemente a cabe\u00e7a<\/em><\/p>\n<p>Desde ent\u00e3o, ele est\u00e1 sedado na UTI do Hospital Sirio Liban\u00eas. &#8220;Foi um trauma grave, como os m\u00e9dicos se referem ao estado dele. A recupera\u00e7\u00e3o \u00e9 bem lenta e estamos aprendendo a comemorar a vit\u00f3ria a cada dia. Como o c\u00e9rebro estabilizou, agora ele est\u00e1 operando o bra\u00e7o e o f\u00eamur, que tamb\u00e9m quebrou na queda. Por enquanto, ele n\u00e3o pode receber visitas. Meu irm\u00e3o Pedro veio me ajudar e fica aqui at\u00e9 o final do m\u00eas de abril. Estamos pedindo ora\u00e7\u00f5es, vibra\u00e7\u00f5es e demais pensamentos positivos pela recupera\u00e7\u00e3o dele&#8221;, dizia a mensagem.<\/p>\n<p>Walter Barelli nasceu em S\u00e3o Paulo, 25 de julho de 1938. \u00c9 economista, professor universit\u00e1rio aposentado pela Unicamp. Foi diretor t\u00e9cnico do Dieese, entre 1966 e 1990, ministro do Trabalho no governo Itamar Franco, de 8 de outubro de 1992 a 4 de abril de 1994, secret\u00e1rio do Emprego e Rela\u00e7\u00f5es do Trabalho do Estado de S\u00e3o Paulo (SERT) de 1995 a 2002, nos governos de M\u00e1rio Covas e Geraldo Alckmin, e deputado federal pelo PSDB-SP (2003-2007). Foi professor do Departamento de Teoria Econ\u00f4mica e membro Cesit (Centro de Economia Sindical e do Trabalho) da Unicamp.<\/p>\n","protected":false},"excerpt":{"rendered":"<p>De acordo com informa\u00e7\u00f5es da fam\u00edlia, ele aiu de uma escada na quarta-feira, dia 10 de abril, ao sair do Instituto Tomie Ohtake e bateu fortemente a cabe\u00e7a Desde ent\u00e3o, ele est\u00e1 sedado na UTI do Hospital Sirio Liban\u00eas. &#8220;Foi um trauma grave, como os m\u00e9dicos se referem ao estado dele. A recupera\u00e7\u00e3o \u00e9 bem lenta e estamos aprendendo a [&hellip;]<\/p>\n","protected":false},"author":27,"featured_media":0,"comment_status":"open","ping_status":"closed","sticky":false,"template":"","format":"standard","meta":{"footnotes":""},"categories":[2719],"tags":[2267,15010,3383,2026,6287,15007,15006,15008,2694,2142,15009,3733,13384,4630],"class_list":["post-12249","post","type-post","status-publish","format-standard","hentry","category-servidor","tag-acidente","tag-cesit","tag-deputado-federal","tag-dieese","tag-economista","tag-economsita","tag-hospital-sirio-e-libanes","tag-minstro-do-trabalho","tag-professor","tag-recuperacao","tag-sert","tag-unicamp","tag-uti","tag-walter-barelli"],"_links":{"self":[{"href":"https:\/\/blogs.correiobraziliense.com.br\/servidor\/wp-json\/wp\/v2\/posts\/12249","targetHints":{"allow":["GET"]}}],"collection":[{"href":"https:\/\/blogs.correiobraziliense.com.br\/servidor\/wp-json\/wp\/v2\/posts"}],"about":[{"href":"https:\/\/blogs.correiobraziliense.com.br\/servidor\/wp-json\/wp\/v2\/types\/post"}],"author":[{"embeddable":true,"href":"https:\/\/blogs.correiobraziliense.com.br\/servidor\/wp-json\/wp\/v2\/users\/27"}],"replies":[{"embeddable":true,"href":"https:\/\/blogs.correiobraziliense.com.br\/servidor\/wp-json\/wp\/v2\/comments?post=12249"}],"version-history":[{"count":1,"href":"https:\/\/blogs.correiobraziliense.com.br\/servidor\/wp-json\/wp\/v2\/posts\/12249\/revisions"}],"predecessor-version":[{"id":12250,"href":"https:\/\/blogs.correiobraziliense.com.br\/servidor\/wp-json\/wp\/v2\/posts\/12249\/revisions\/12250"}],"wp:attachment":[{"href":"https:\/\/blogs.correiobraziliense.com.br\/servidor\/wp-json\/wp\/v2\/media?parent=12249"}],"wp:term":[{"taxonomy":"category","embeddable":true,"href":"https:\/\/blogs.correiobraziliense.com.br\/servidor\/wp-json\/wp\/v2\/categories?post=12249"},{"taxonomy":"post_tag","embeddable":true,"href":"https:\/\/blogs.correiobraziliense.com.br\/servidor\/wp-json\/wp\/v2\/tags?post=12249"}],"curies":[{"name":"wp","href":"https:\/\/api.w.org\/{rel}","templated":true}]}}