{"id":12232,"date":"2019-04-16T19:30:48","date_gmt":"2019-04-16T22:30:48","guid":{"rendered":"https:\/\/blogs.correiobraziliense.com.br\/servidor\/?p=12232"},"modified":"2019-04-16T19:30:48","modified_gmt":"2019-04-16T22:30:48","slug":"secretario-especial-diz-que-nova-previdencia-aumentara-capacidade-de-investimento-pelo-estado","status":"publish","type":"post","link":"https:\/\/blogs.correiobraziliense.com.br\/servidor\/secretario-especial-diz-que-nova-previdencia-aumentara-capacidade-de-investimento-pelo-estado\/","title":{"rendered":"Secret\u00e1rio especial diz que Nova Previd\u00eancia aumentar\u00e1 capacidade de investimento pelo Estado"},"content":{"rendered":"<p><em>Rog\u00e9rio Marinho participou de debate sobre a Nova Previd\u00eancia, nesta ter\u00e7a-feira (16), na Comiss\u00e3o de Trabalho, Administra\u00e7\u00e3o e Servi\u00e7o P\u00fablico da C\u00e2mara dos Deputados. Al\u00e9m de Marinho, o\u00a0 debate reuniu Marinho, o ex-ministro do Trabalho e Previd\u00eancia Social Miguel Rossetto, deputados federais e sindicalistas<\/em><\/p>\n<p>O secret\u00e1rio especial de Previd\u00eancia e Trabalho do Minist\u00e9rio da Economia, Rog\u00e9rio Marinho, defendeu nesta ter\u00e7a-feira (16) a aprova\u00e7\u00e3o da Nova Previd\u00eancia para aumentar a capacidade do Estado de investir em \u00e1reas como sa\u00fade, educa\u00e7\u00e3o e infraestrutura. A declara\u00e7\u00e3o foi feita em debate sobre a Nova Previd\u00eancia na Comiss\u00e3o de Trabalho, Administra\u00e7\u00e3o e Servi\u00e7o P\u00fablico da C\u00e2mara dos Deputados.<\/p>\n<p>Marinho destacou que as despesas com Previd\u00eancia e com o Benef\u00edcio de Presta\u00e7\u00e3o Continuada (BPC) superaram R$ 700 bilh\u00f5es em 2018, valor maior que o destinado \u00e0 sa\u00fade e \u00e0 educa\u00e7\u00e3o. \u201cDespendemos dez vezes mais com o passado do que com o futuro. Quando a despesa com a Previd\u00eancia aumenta, o or\u00e7amento \u00e9 comprimido, e isso diminui a capacidade de o Estado investir em sa\u00fade, educa\u00e7\u00e3o e infraestrutura.\u201d<\/p>\n<p>Outros desafios destacados pelo secret\u00e1rio foram as fraudes e as d\u00edvidas. Diante disso, o governo editou a Medida Provis\u00f3ria 871\/2019, que combate fraudes, e apresentou o Projeto de Lei 1.646\/2019, que fortalece a atua\u00e7\u00e3o da Procuradoria-Geral da Fazenda Nacional na cobran\u00e7a de d\u00edvidas. \u201cA Nova Previd\u00eancia vai combater as fraudes, fortalecer a cobran\u00e7a aos devedores e acabar com o Refis e com a separa\u00e7\u00e3o entre assist\u00eancia e Previd\u00eancia\u201d, ressaltou.<\/p>\n<p>Marinho disse tamb\u00e9m que, com a Nova Previd\u00eancia, as idades para a aposentadoria de ricos e pobres ser\u00e3o as mesmas. Atualmente, os mais ricos se aposentam antes dos mais pobres. Em m\u00e9dia, os homens que se aposentam por idade t\u00eam 65,5 anos e as mulheres, 61,5 anos. J\u00e1 na aposentadoria por tempo de contribui\u00e7\u00e3o, em m\u00e9dia, os homens t\u00eam 55 anos e as mulheres, 53, recebendo benef\u00edcio de valor maior. Para Marinho, o atual sistema \u00e9 \u201cinjusto e insustent\u00e1vel\u201d: \u201cPoucos ganham muito e muitos ganham pouco\u201d, resumiu.<\/p>\n<p>O debate desta ter\u00e7a-feira reuniu Marinho, o ex-ministro do Trabalho e Previd\u00eancia Social Miguel Rossetto, deputados federais e sindicalistas.<\/p>\n","protected":false},"excerpt":{"rendered":"<p>Rog\u00e9rio Marinho participou de debate sobre a Nova Previd\u00eancia, nesta ter\u00e7a-feira (16), na Comiss\u00e3o de Trabalho, Administra\u00e7\u00e3o e Servi\u00e7o P\u00fablico da C\u00e2mara dos Deputados. Al\u00e9m de Marinho, o\u00a0 debate reuniu Marinho, o ex-ministro do Trabalho e Previd\u00eancia Social Miguel Rossetto, deputados federais e sindicalistas O secret\u00e1rio especial de Previd\u00eancia e Trabalho do Minist\u00e9rio da Economia, Rog\u00e9rio Marinho, defendeu nesta ter\u00e7a-feira [&hellip;]<\/p>\n","protected":false},"author":27,"featured_media":0,"comment_status":"open","ping_status":"closed","sticky":false,"template":"","format":"standard","meta":{"footnotes":""},"categories":[2719],"tags":[4276,61,3790,3495,1247,48,56,1011,487,217,14987,616],"class_list":["post-12232","post","type-post","status-publish","format-standard","hentry","category-servidor","tag-bpc","tag-camara","tag-capacidade","tag-ctasp","tag-dividas","tag-educacao","tag-estado","tag-fraudes","tag-infraestrutura","tag-investimento","tag-nova-previdencia","tag-saude"],"_links":{"self":[{"href":"https:\/\/blogs.correiobraziliense.com.br\/servidor\/wp-json\/wp\/v2\/posts\/12232","targetHints":{"allow":["GET"]}}],"collection":[{"href":"https:\/\/blogs.correiobraziliense.com.br\/servidor\/wp-json\/wp\/v2\/posts"}],"about":[{"href":"https:\/\/blogs.correiobraziliense.com.br\/servidor\/wp-json\/wp\/v2\/types\/post"}],"author":[{"embeddable":true,"href":"https:\/\/blogs.correiobraziliense.com.br\/servidor\/wp-json\/wp\/v2\/users\/27"}],"replies":[{"embeddable":true,"href":"https:\/\/blogs.correiobraziliense.com.br\/servidor\/wp-json\/wp\/v2\/comments?post=12232"}],"version-history":[{"count":1,"href":"https:\/\/blogs.correiobraziliense.com.br\/servidor\/wp-json\/wp\/v2\/posts\/12232\/revisions"}],"predecessor-version":[{"id":12233,"href":"https:\/\/blogs.correiobraziliense.com.br\/servidor\/wp-json\/wp\/v2\/posts\/12232\/revisions\/12233"}],"wp:attachment":[{"href":"https:\/\/blogs.correiobraziliense.com.br\/servidor\/wp-json\/wp\/v2\/media?parent=12232"}],"wp:term":[{"taxonomy":"category","embeddable":true,"href":"https:\/\/blogs.correiobraziliense.com.br\/servidor\/wp-json\/wp\/v2\/categories?post=12232"},{"taxonomy":"post_tag","embeddable":true,"href":"https:\/\/blogs.correiobraziliense.com.br\/servidor\/wp-json\/wp\/v2\/tags?post=12232"}],"curies":[{"name":"wp","href":"https:\/\/api.w.org\/{rel}","templated":true}]}}