{"id":1223,"date":"2016-03-10T08:00:19","date_gmt":"2016-03-10T11:00:19","guid":{"rendered":"https:\/\/blogs.correiobraziliense.com.br\/servidor\/?p=1223"},"modified":"2016-03-09T19:14:31","modified_gmt":"2016-03-09T22:14:31","slug":"servidores-do-fisco-aceitam-proposta-salarial-finalmente","status":"publish","type":"post","link":"https:\/\/blogs.correiobraziliense.com.br\/servidor\/servidores-do-fisco-aceitam-proposta-salarial-finalmente\/","title":{"rendered":"SERVIDORES DO FISCO ACEITAM PROPOSTA SALARIAL, FINALMENTE"},"content":{"rendered":"<p><span style=\"font-family: Utopia,sans-serif\"><span style=\"font-size: small\">Auditores fiscais e analistas tribut\u00e1rios da Receita Federal, finalmente, aceitaram a proposta salarial do governo, mas com ressalvas. Cl\u00e1udio Damasceno, presidente do Sindicato Nacional do Auditores (Sindifisco), contou que a vota\u00e7\u00e3o foi apertada e admitiu que houve uma divis\u00e3o da categoria: apenas 56% aprovaram a oferta remunerat\u00f3ria. Silvia Alencar, presidente do Sindicato Nacional dos Analistas (Sindireiceita), disse que 67,65% concordaram com o reajuste salarial. Por\u00e9m, mais de 85% rejeitaram a pauta n\u00e3o-remunerat\u00f3ria. Hoje, as duas classes, \u00e0s 15 horas e 18 horas, apresentam a contraproposta ao secret\u00e1rio de rela\u00e7\u00f5es do trabalho do Minist\u00e9rio do Planejamento, S\u00e9rgio Mendon\u00e7a.<\/span><\/span><\/p>\n<p><span style=\"font-family: Utopia,sans-serif\"><span style=\"font-size: small\">Apesar do aparente aceno de boa vontade, h\u00e1 muitas arestas a aparar. Os 21,3% de aumento divididos em quatro anos (5,5% em agosto de 2016; 5%, em 2017; 4,75%, em 2018; e 4,5%, em 2019) foram absorvidos pelas duas principais categorias do Fisco. No entanto, os auditores n\u00e3o abrem m\u00e3o, entre outros pontos, da paridade entre aposentados e pensionistas. Brigar\u00e3o contra a redu\u00e7\u00e3o futura do b\u00f4nus de efici\u00eancia (esse ano em R$ 3 mil mensais, a partir de agosto) para os mais velhos. Tamb\u00e9m exigem a regulamenta\u00e7\u00e3o do adicional de fronteira, aprovado h\u00e1 mais de tr\u00eas anos. \u201cOs mais de 9 mil fiscais em todo o pa\u00eds decidiram dessa forma. Agora, \u00e9 aguardar a resposta do Planejamento\u201d, assinalou Damasceno.<\/span><\/span><\/p>\n<p><span style=\"font-family: Utopia,sans-serif\"><span style=\"font-size: small\">J\u00e1 os analistas n\u00e3o aceitam discutir em conjunto as pautas remunerat\u00f3ria e n\u00e3o remunerat\u00f3ria. \u201cCom dificuldades, aceitamos o reajuste. Por\u00e9m, n\u00e3o concordamos com pontos que d\u00e3o total autoridade a um s\u00f3 cargo. Prerrogativas que colocam o auditor acima de qualquer pessoa pessoa, inclusive da Presid\u00eancia da Rep\u00fablica\u201d, ironizou Silvia. Segundo t\u00e9cnicos do governo, os auditores criaram um \u201cprojeto-montros\u201d, com privil\u00e9gios da magistratura, do Minist\u00e9rio P\u00fablico e do Legislativo e mais alguns. <\/span><\/span><\/p>\n<p><span style=\"font-family: Utopia,sans-serif\"><span style=\"font-size: small\">Se o projeto sair da mesa de negocia\u00e7\u00e3o como est\u00e1, disse a fonte, o auditor passar\u00e1 a ter acesso a qualquer local restrito, p\u00fablico ou particular mediante, apenas, a apresenta\u00e7\u00e3o da carteira funcional. N\u00e3o poder\u00e1 ser preso ou responsabilizado por descumprimento de decis\u00e3o judicial; se cometer crime inafian\u00e7\u00e1vel, a autoridade policial ter\u00e1, primeiro, que comunicar o fato ao ministro da Fazenda. Caso seja preso, deve parmanecer em sala de estado maior, e depois cumprir pena em separado. <\/span><\/span><\/p>\n","protected":false},"excerpt":{"rendered":"<p>Auditores fiscais e analistas tribut\u00e1rios da Receita Federal, finalmente, aceitaram a proposta salarial do governo, mas com ressalvas. Cl\u00e1udio Damasceno, presidente do Sindicato Nacional do Auditores (Sindifisco), contou que a vota\u00e7\u00e3o foi apertada e admitiu que houve uma divis\u00e3o da categoria: apenas 56% aprovaram a oferta remunerat\u00f3ria. Silvia Alencar, presidente do Sindicato Nacional dos Analistas (Sindireiceita), disse que 67,65% concordaram [&hellip;]<\/p>\n","protected":false},"author":27,"featured_media":0,"comment_status":"open","ping_status":"closed","sticky":false,"template":"","format":"standard","meta":{"footnotes":""},"categories":[1],"tags":[],"class_list":["post-1223","post","type-post","status-publish","format-standard","hentry","category-sem-categoria"],"_links":{"self":[{"href":"https:\/\/blogs.correiobraziliense.com.br\/servidor\/wp-json\/wp\/v2\/posts\/1223","targetHints":{"allow":["GET"]}}],"collection":[{"href":"https:\/\/blogs.correiobraziliense.com.br\/servidor\/wp-json\/wp\/v2\/posts"}],"about":[{"href":"https:\/\/blogs.correiobraziliense.com.br\/servidor\/wp-json\/wp\/v2\/types\/post"}],"author":[{"embeddable":true,"href":"https:\/\/blogs.correiobraziliense.com.br\/servidor\/wp-json\/wp\/v2\/users\/27"}],"replies":[{"embeddable":true,"href":"https:\/\/blogs.correiobraziliense.com.br\/servidor\/wp-json\/wp\/v2\/comments?post=1223"}],"version-history":[{"count":1,"href":"https:\/\/blogs.correiobraziliense.com.br\/servidor\/wp-json\/wp\/v2\/posts\/1223\/revisions"}],"predecessor-version":[{"id":1224,"href":"https:\/\/blogs.correiobraziliense.com.br\/servidor\/wp-json\/wp\/v2\/posts\/1223\/revisions\/1224"}],"wp:attachment":[{"href":"https:\/\/blogs.correiobraziliense.com.br\/servidor\/wp-json\/wp\/v2\/media?parent=1223"}],"wp:term":[{"taxonomy":"category","embeddable":true,"href":"https:\/\/blogs.correiobraziliense.com.br\/servidor\/wp-json\/wp\/v2\/categories?post=1223"},{"taxonomy":"post_tag","embeddable":true,"href":"https:\/\/blogs.correiobraziliense.com.br\/servidor\/wp-json\/wp\/v2\/tags?post=1223"}],"curies":[{"name":"wp","href":"https:\/\/api.w.org\/{rel}","templated":true}]}}