{"id":12213,"date":"2019-04-16T17:07:00","date_gmt":"2019-04-16T20:07:00","guid":{"rendered":"https:\/\/blogs.correiobraziliense.com.br\/servidor\/?p=12213"},"modified":"2019-04-16T17:52:00","modified_gmt":"2019-04-16T20:52:00","slug":"estilista-brasileira-vence-processo-judicial-contra-a-industria-grendene","status":"publish","type":"post","link":"https:\/\/blogs.correiobraziliense.com.br\/servidor\/estilista-brasileira-vence-processo-judicial-contra-a-industria-grendene\/","title":{"rendered":"Estilista brasileira vence processo judicial contra a ind\u00fastria Grendene"},"content":{"rendered":"<p><em>Gigante nacional de cal\u00e7ados \u00e9 condenada por c\u00f3pia de sand\u00e1lia de pl\u00e1stico injet\u00e1vel<\/em><\/p>\n<p><img loading=\"lazy\" decoding=\"async\" class=\"size-full wp-image-12214 alignleft\" src=\"https:\/\/blogs.correiobraziliense.com.br\/servidor\/wp-content\/uploads\/sites\/10\/2019\/04\/grendene-sand\u00e1lia.jpeg\" alt=\"\" width=\"287\" height=\"177\" \/><\/p>\n<p>Ap\u00f3s 15 anos de lit\u00edgio, a estilista brasileira Ana Luiza Almeida vence processo judicial contra a Grendene S.A. e dever\u00e1 receber expressiva indeniza\u00e7\u00e3o em fun\u00e7\u00e3o da c\u00f3pia ilegal da sand\u00e1lia Grudy de sua autoria. Ap\u00f3s longa batalha nos tribunais, a empres\u00e1ria comprovou judicialmente que foi ilegalmente copiada pela gigante nacional.<\/p>\n<p>A Grendene foi condenada \u00e0 indeniza\u00e7\u00e3o por danos morais e materiais e, seguindo os tr\u00e2mites judiciais, o advogado de Ana Luiza, Rodrigo Staut, j\u00e1 deu in\u00edcio \u00e0 fase de execu\u00e7\u00e3o da senten\u00e7a.<\/p>\n<p>De acordo com Rodrigo Staut, do escrit\u00f3rio Oliveira Staut Advocacia, o preju\u00edzo da estilista ser\u00e1 calculado e restitu\u00eddo sobre cada par de cal\u00e7ado indevidamente fabricado e comercializado pela marca. &#8220;Passamos por um longo processo judicial. Houve busca e apreens\u00e3o pelas sand\u00e1lias contrafeitas em dois shopping centers no ano de 2004, realiza\u00e7\u00e3o de per\u00edcia, audi\u00eancias, foram dezenas de recursos, mas, finalmente, passamos \u00e0 fase de execu\u00e7\u00e3o do julgado&#8221;, acrescenta o advogado.<\/p>\n<p>Do processo, Staut conta que a produ\u00e7\u00e3o e venda da sand\u00e1lia copiada pela Grendene deveria ter sido interrompida liminarmente, sob pena de multa em caso de descumprimento, isso h\u00e1 exatos 15 anos, em 2004. E est\u00e3o sendo calculados todos os meses n\u00e3o cumpridos. &#8220;Por in\u00fameras vezes fomos orientados a desistirmos da a\u00e7\u00e3o, porque a ind\u00fastria venceria o caso. Mas seguimos confiantes na justi\u00e7a e, hoje, estamos executando o direito da nossa cliente&#8221;, afirma o advogado.<\/p>\n<p>A sand\u00e1lia Grudy \u00e9 um cal\u00e7ado criado em tr\u00eas pe\u00e7as, utilizando PVC e pl\u00e1stico injet\u00e1vel em EVA para proporcionar leveza aos p\u00e9s. Al\u00e9m do material, que na \u00e9poca despertou curiosidade e interesse do mercado, a montagem da sand\u00e1lia faz dela uma pe\u00e7a \u00fanica. &#8220;E tudo foi detalhadamente absorvido pela Grendene e colocado em produ\u00e7\u00e3o sem autoriza\u00e7\u00e3o de Ana Luiza&#8221;, ressalta Staut.<\/p>\n<p>Por meio da assessoria de imprensa, a Grendene informou que &#8220;est\u00e1 em per\u00edodo de sil\u00eancio e n\u00e3o ir\u00e1 se manifestar sobre o assunto&#8221;.<\/p>\n<p>&nbsp;<\/p>\n","protected":false},"excerpt":{"rendered":"<p>Gigante nacional de cal\u00e7ados \u00e9 condenada por c\u00f3pia de sand\u00e1lia de pl\u00e1stico injet\u00e1vel Ap\u00f3s 15 anos de lit\u00edgio, a estilista brasileira Ana Luiza Almeida vence processo judicial contra a Grendene S.A. e dever\u00e1 receber expressiva indeniza\u00e7\u00e3o em fun\u00e7\u00e3o da c\u00f3pia ilegal da sand\u00e1lia Grudy de sua autoria. Ap\u00f3s longa batalha nos tribunais, a empres\u00e1ria comprovou judicialmente que foi ilegalmente copiada [&hellip;]<\/p>\n","protected":false},"author":27,"featured_media":0,"comment_status":"open","ping_status":"closed","sticky":false,"template":"","format":"standard","meta":{"footnotes":""},"categories":[2719],"tags":[1302,886,14968,14969,14972,1495,951,14971,1157,14970],"class_list":["post-12213","post","type-post","status-publish","format-standard","hentry","category-servidor","tag-brasileira","tag-condenada","tag-estilista","tag-grendene","tag-grudy","tag-industria","tag-judicial","tag-plastico-injetavel","tag-processo","tag-sandalia"],"_links":{"self":[{"href":"https:\/\/blogs.correiobraziliense.com.br\/servidor\/wp-json\/wp\/v2\/posts\/12213","targetHints":{"allow":["GET"]}}],"collection":[{"href":"https:\/\/blogs.correiobraziliense.com.br\/servidor\/wp-json\/wp\/v2\/posts"}],"about":[{"href":"https:\/\/blogs.correiobraziliense.com.br\/servidor\/wp-json\/wp\/v2\/types\/post"}],"author":[{"embeddable":true,"href":"https:\/\/blogs.correiobraziliense.com.br\/servidor\/wp-json\/wp\/v2\/users\/27"}],"replies":[{"embeddable":true,"href":"https:\/\/blogs.correiobraziliense.com.br\/servidor\/wp-json\/wp\/v2\/comments?post=12213"}],"version-history":[{"count":2,"href":"https:\/\/blogs.correiobraziliense.com.br\/servidor\/wp-json\/wp\/v2\/posts\/12213\/revisions"}],"predecessor-version":[{"id":12220,"href":"https:\/\/blogs.correiobraziliense.com.br\/servidor\/wp-json\/wp\/v2\/posts\/12213\/revisions\/12220"}],"wp:attachment":[{"href":"https:\/\/blogs.correiobraziliense.com.br\/servidor\/wp-json\/wp\/v2\/media?parent=12213"}],"wp:term":[{"taxonomy":"category","embeddable":true,"href":"https:\/\/blogs.correiobraziliense.com.br\/servidor\/wp-json\/wp\/v2\/categories?post=12213"},{"taxonomy":"post_tag","embeddable":true,"href":"https:\/\/blogs.correiobraziliense.com.br\/servidor\/wp-json\/wp\/v2\/tags?post=12213"}],"curies":[{"name":"wp","href":"https:\/\/api.w.org\/{rel}","templated":true}]}}