{"id":12200,"date":"2019-04-16T12:05:49","date_gmt":"2019-04-16T15:05:49","guid":{"rendered":"https:\/\/blogs.correiobraziliense.com.br\/servidor\/?p=12200"},"modified":"2019-04-16T12:05:49","modified_gmt":"2019-04-16T15:05:49","slug":"institutos-juridicos-contestam-constitucionalidade-da-pec-da-reforma-da-previdencia","status":"publish","type":"post","link":"https:\/\/blogs.correiobraziliense.com.br\/servidor\/institutos-juridicos-contestam-constitucionalidade-da-pec-da-reforma-da-previdencia\/","title":{"rendered":"Institutos jur\u00eddicos contestam constitucionalidade da PEC da reforma da Previd\u00eancia"},"content":{"rendered":"<p><em>Os quatro maiores institutos jur\u00eddicos do pa\u00eds, especialistas em direito previdenci\u00e1rio, entregaram na Comiss\u00e3o de Constitui\u00e7\u00e3o e Justi\u00e7a e Cidadania (CCJC) um relat\u00f3rio, sem emitir posi\u00e7\u00e3o pol\u00edtica, que aponta inconstitucionalidade na Proposta de Emenda \u00e0 Constitui\u00e7\u00e3o (PEC 06\/2019)<\/em><\/p>\n<p>O Instituto Brasileiro de Direito Previdenci\u00e1rio (IBP), o Instituto de Estudo Previdenci\u00e1rios (Ieprev), o Instituto\u00a0 dos Advogados Previdenci\u00e1rios (Iape) e o Instituto Brasiliense de Direito Previdenci\u00e1rio (IBDPrev) apresentaram um estudo t\u00e9cnico ,pelas m\u00e3os dos Deputados Rodrigo Coelho (PSB\/SC) e Eduardo Bismarck (membro da CCJC),\u00a0 estudo t\u00e9cnico conjunto, feito por juristas especialistas em Direito da Seguridade Social, com o objetivo de subsidiar os trabalhos da Comiss\u00e3o de Constitui\u00e7\u00e3o, Justi\u00e7a e Cidadania (CCJC) da C\u00e2mara dos Deputados acerca da constitucionalidade da Proposta de Emenda \u00e0 Constitui\u00e7\u00e3o n\u00b0 06\/2019, a chamada \u201creforma da previd\u00eancia\u201d.<\/p>\n<p>Segundo o estudo, na PEC 06\/2019, faltam dados sobre equil\u00edbrio financeiro e atuarial, regras de c\u00e1lculo para a redu\u00e7\u00e3o m\u00e9dia do valor dos benef\u00edcios, os impactos na economia e na circula\u00e7\u00e3o de renda, os impactos econ\u00f4micos nos Estados e munic\u00edpios, sobre a empregabilidade, especula\u00e7\u00e3o legal e financeira, al\u00e9m de ter sido identificado &#8220;poss\u00edvel descumprimento dos artigos 1\u00ba; 3\u00ba, inciso III; 23, inciso X; 24, inciso XII, da Constitui\u00e7\u00e3o Federal, e artigos 113 e 114 do ADCT&#8221;.<\/p>\n<p>O estudo aponta, ainda, que a inexist\u00eancia ou a n\u00e3o apresenta\u00e7\u00e3o dos dados impossibilita a verifica\u00e7\u00e3o, confer\u00eancia e constata\u00e7\u00e3o da consist\u00eancia e precis\u00e3o da PEC e, portanto, contraria os fundamentos republicanos de cidadania, a valoriza\u00e7\u00e3o social do trabalho e da livre iniciativa, estabelecidos no artigo 1\u00ba da Constitui\u00e7\u00e3o Federal, &#8220;quanto o princ\u00edpio democr\u00e1tico que permeia toda a Carta Magna, mormente quando ela estabelece, em seu artigo 23, X a compet\u00eancia comum da Uni\u00e3o, Estados, Distrito Federal e Munic\u00edpios para \u201ccombater as causas da pobreza e os<br \/>\nfatores de marginaliza\u00e7\u00e3o, promovendo a integra\u00e7\u00e3o social dos setores desfavorecidos\u201d e no artigo 24, XII, a compet\u00eancia concorrente dos entes federativos para legislar sobre previd\u00eancia social.<\/p>\n<p>&#8220;Os institutos signat\u00e1rios consideram imperiosa uma reforma no modelo previdenci\u00e1rio brasileiro, haja vista as nuances que atualmente denotam poss\u00edvel futuro desequil\u00edbrio financeiro, or\u00e7ament\u00e1rio, social e atuarial. Ajustar as regras previdenci\u00e1rias, no entanto, requer m\u00e1xima paci\u00eancia, imparcialidade e justi\u00e7a, esta \u00faltima adquirida pelo estudo das reais necessidades de mudan\u00e7a, com objetivo de conferir seguran\u00e7a jur\u00eddica \u00e0 reforma e evitar consequ\u00eancias danosas para o pa\u00eds.<\/p>\n<p>Compete \u00e0 Comiss\u00e3o de Constitui\u00e7\u00e3o, Justi\u00e7a e Cidadania \u2013 CCJC a an\u00e1lise e julgamento dos aspectos de constitucionalidade, legalidade, juridicidade, regimentalidade e de t\u00e9cnica legislativa da PEC 06\/2019. Por isso, este parecer se firmar\u00e1 apenas nos aspectos constitucionais da proposta, n\u00e3o emitindo posi\u00e7\u00e3o pol\u00edtica, mas, apenas e t\u00e3o somente, t\u00e9cnica&#8221;, afirmam os institutos.<\/p>\n<p>&nbsp;<\/p>\n","protected":false},"excerpt":{"rendered":"<p>Os quatro maiores institutos jur\u00eddicos do pa\u00eds, especialistas em direito previdenci\u00e1rio, entregaram na Comiss\u00e3o de Constitui\u00e7\u00e3o e Justi\u00e7a e Cidadania (CCJC) um relat\u00f3rio, sem emitir posi\u00e7\u00e3o pol\u00edtica, que aponta inconstitucionalidade na Proposta de Emenda \u00e0 Constitui\u00e7\u00e3o (PEC 06\/2019) O Instituto Brasileiro de Direito Previdenci\u00e1rio (IBP), o Instituto de Estudo Previdenci\u00e1rios (Ieprev), o Instituto\u00a0 dos Advogados Previdenci\u00e1rios (Iape) e o Instituto [&hellip;]<\/p>\n","protected":false},"author":27,"featured_media":0,"comment_status":"open","ping_status":"closed","sticky":false,"template":"","format":"standard","meta":{"footnotes":""},"categories":[2719],"tags":[852,4508,1531,1648,5024,2584,116,88,11923,11180,943,1551,14958,14959,14956,14957,6729,2847,944,14771,3010,9727,751,4031,358],"class_list":["post-12200","post","type-post","status-publish","format-standard","hentry","category-servidor","tag-beneficios","tag-calculo","tag-camara-dos-deputados","tag-ccjc","tag-constitucionalidade","tag-constituicao","tag-direito","tag-economia","tag-empregabilidade","tag-especialsita","tag-estados","tag-financeiro","tag-iape","tag-ibdprev","tag-ibp","tag-ieprev","tag-institutos","tag-juridicos","tag-municipios","tag-pec-06-2019","tag-previdenciario","tag-reforma-da-previdencia","tag-regras","tag-relatorio","tag-renda"],"_links":{"self":[{"href":"https:\/\/blogs.correiobraziliense.com.br\/servidor\/wp-json\/wp\/v2\/posts\/12200","targetHints":{"allow":["GET"]}}],"collection":[{"href":"https:\/\/blogs.correiobraziliense.com.br\/servidor\/wp-json\/wp\/v2\/posts"}],"about":[{"href":"https:\/\/blogs.correiobraziliense.com.br\/servidor\/wp-json\/wp\/v2\/types\/post"}],"author":[{"embeddable":true,"href":"https:\/\/blogs.correiobraziliense.com.br\/servidor\/wp-json\/wp\/v2\/users\/27"}],"replies":[{"embeddable":true,"href":"https:\/\/blogs.correiobraziliense.com.br\/servidor\/wp-json\/wp\/v2\/comments?post=12200"}],"version-history":[{"count":1,"href":"https:\/\/blogs.correiobraziliense.com.br\/servidor\/wp-json\/wp\/v2\/posts\/12200\/revisions"}],"predecessor-version":[{"id":12201,"href":"https:\/\/blogs.correiobraziliense.com.br\/servidor\/wp-json\/wp\/v2\/posts\/12200\/revisions\/12201"}],"wp:attachment":[{"href":"https:\/\/blogs.correiobraziliense.com.br\/servidor\/wp-json\/wp\/v2\/media?parent=12200"}],"wp:term":[{"taxonomy":"category","embeddable":true,"href":"https:\/\/blogs.correiobraziliense.com.br\/servidor\/wp-json\/wp\/v2\/categories?post=12200"},{"taxonomy":"post_tag","embeddable":true,"href":"https:\/\/blogs.correiobraziliense.com.br\/servidor\/wp-json\/wp\/v2\/tags?post=12200"}],"curies":[{"name":"wp","href":"https:\/\/api.w.org\/{rel}","templated":true}]}}