{"id":12198,"date":"2019-04-16T11:39:30","date_gmt":"2019-04-16T14:39:30","guid":{"rendered":"https:\/\/blogs.correiobraziliense.com.br\/servidor\/?p=12198"},"modified":"2019-04-16T11:39:30","modified_gmt":"2019-04-16T14:39:30","slug":"usp-sao-carlos-abre-concurso-para-professor-na-area-de-ciencias-de-computacao","status":"publish","type":"post","link":"https:\/\/blogs.correiobraziliense.com.br\/servidor\/usp-sao-carlos-abre-concurso-para-professor-na-area-de-ciencias-de-computacao\/","title":{"rendered":"USP S\u00e3o Carlos abre concurso para professor na \u00e1rea de ci\u00eancias de computa\u00e7\u00e3o"},"content":{"rendered":"<p><em>Professor ter\u00e1 sal\u00e1rio inicial de R$ 10.830,94. Inscri\u00e7\u00f5es pela internet at\u00e9 10 de junho<\/em><\/p>\n<p>Est\u00e3o abertas as inscri\u00e7\u00f5es no concurso p\u00fablico para o cargo de professor doutor no Instituto de Ci\u00eancias Matem\u00e1ticas e de Computa\u00e7\u00e3o (ICMC) da USP, em S\u00e3o Carlos. O docente atuar\u00e1 no Departamento de Ci\u00eancias de Computa\u00e7\u00e3o do Instituto, nomeado em Regime de Dedica\u00e7\u00e3o Integral \u00e0 Doc\u00eancia e \u00e0 Pesquisa, com sal\u00e1rio inicial de R$ 10.830,94.<\/p>\n<p>As inscri\u00e7\u00f5es devem ser exclusivamente pela internet at\u00e9 as 17 horas do dia 10 de junho (hor\u00e1rio oficial de Bras\u00edlia\/DF) por meio do link: https:\/\/uspdigital.usp.br\/gr\/admissao. Para mais detalhes sobre prazos, provas e documenta\u00e7\u00f5es, acesse o <a href=\"https:\/\/web.icmc.usp.br\/ATAC\/concursos\/Edital%20019_2019.pdf\">edital<\/a> completo.<\/p>\n","protected":false},"excerpt":{"rendered":"<p>Professor ter\u00e1 sal\u00e1rio inicial de R$ 10.830,94. Inscri\u00e7\u00f5es pela internet at\u00e9 10 de junho Est\u00e3o abertas as inscri\u00e7\u00f5es no concurso p\u00fablico para o cargo de professor doutor no Instituto de Ci\u00eancias Matem\u00e1ticas e de Computa\u00e7\u00e3o (ICMC) da USP, em S\u00e3o Carlos. O docente atuar\u00e1 no Departamento de Ci\u00eancias de Computa\u00e7\u00e3o do Instituto, nomeado em Regime de Dedica\u00e7\u00e3o Integral \u00e0 Doc\u00eancia [&hellip;]<\/p>\n","protected":false},"author":27,"featured_media":0,"comment_status":"open","ping_status":"closed","sticky":false,"template":"","format":"standard","meta":{"footnotes":""},"categories":[2719],"tags":[12882,93,809,92,2978,1036,2694,2325,3523,2982],"class_list":["post-12198","post","type-post","status-publish","format-standard","hentry","category-servidor","tag-ciencias-de-computacao","tag-concurso","tag-docente","tag-edital","tag-icmc","tag-integral","tag-professor","tag-regime","tag-sao-carlos","tag-usp"],"_links":{"self":[{"href":"https:\/\/blogs.correiobraziliense.com.br\/servidor\/wp-json\/wp\/v2\/posts\/12198","targetHints":{"allow":["GET"]}}],"collection":[{"href":"https:\/\/blogs.correiobraziliense.com.br\/servidor\/wp-json\/wp\/v2\/posts"}],"about":[{"href":"https:\/\/blogs.correiobraziliense.com.br\/servidor\/wp-json\/wp\/v2\/types\/post"}],"author":[{"embeddable":true,"href":"https:\/\/blogs.correiobraziliense.com.br\/servidor\/wp-json\/wp\/v2\/users\/27"}],"replies":[{"embeddable":true,"href":"https:\/\/blogs.correiobraziliense.com.br\/servidor\/wp-json\/wp\/v2\/comments?post=12198"}],"version-history":[{"count":1,"href":"https:\/\/blogs.correiobraziliense.com.br\/servidor\/wp-json\/wp\/v2\/posts\/12198\/revisions"}],"predecessor-version":[{"id":12199,"href":"https:\/\/blogs.correiobraziliense.com.br\/servidor\/wp-json\/wp\/v2\/posts\/12198\/revisions\/12199"}],"wp:attachment":[{"href":"https:\/\/blogs.correiobraziliense.com.br\/servidor\/wp-json\/wp\/v2\/media?parent=12198"}],"wp:term":[{"taxonomy":"category","embeddable":true,"href":"https:\/\/blogs.correiobraziliense.com.br\/servidor\/wp-json\/wp\/v2\/categories?post=12198"},{"taxonomy":"post_tag","embeddable":true,"href":"https:\/\/blogs.correiobraziliense.com.br\/servidor\/wp-json\/wp\/v2\/tags?post=12198"}],"curies":[{"name":"wp","href":"https:\/\/api.w.org\/{rel}","templated":true}]}}