{"id":12172,"date":"2019-04-12T15:23:14","date_gmt":"2019-04-12T18:23:14","guid":{"rendered":"https:\/\/blogs.correiobraziliense.com.br\/servidor\/?p=12172"},"modified":"2019-04-12T15:23:14","modified_gmt":"2019-04-12T18:23:14","slug":"peritos-criminais-serao-representados-apenas-pelo-sindipol-df-determina-tst","status":"publish","type":"post","link":"https:\/\/blogs.correiobraziliense.com.br\/servidor\/peritos-criminais-serao-representados-apenas-pelo-sindipol-df-determina-tst\/","title":{"rendered":"Peritos criminais ser\u00e3o representados apenas pelo Sindipol-DF, determina TST"},"content":{"rendered":"<p><em>Por decis\u00e3o un\u00e2nime (http:\/\/twixar.me\/P0yK), a Segunda Turma do Tribunal Superior do Trabalho (TST) declarou que o Sindicato dos Policiais Federais no Distrito Federal (Sindipol\/DF) \u00e9 o \u00fanico representante da categoria dos policiais federais de carreira no Distrito Federal<\/em><\/p>\n<p>Para a Turma, o desmembramento que resultou na cria\u00e7\u00e3o do Sindicato Nacional dos Peritos Criminais Federais violou o princ\u00edpio constitucional da unicidade sindical. O Sindipol impetrou mandado de seguran\u00e7a na 10\u00aa Vara do Trabalho de Bras\u00edlia (DF) contra ato do Minist\u00e9rio do Trabalho, que, em 2009, havia exclu\u00eddo da sua representa\u00e7\u00e3o os peritos criminais federais e concedido registro ao sindicato nacional dessa categoria. Segundo a entidade, a carreira policial federal \u00e9 \u00fanica e, portanto, de representatividade sindical \u00fanica, sem a possibilidade de desmembramento. Por isso, pedia o cancelamento do registro do novo sindicato.<\/p>\n<p>A relatora do recurso de revista do Sindipol, ministra Dela\u00edde Arantes, citou diversos precedentes para explicar que o entendimento do TST \u00e9 de que o desmembramento sindical para representa\u00e7\u00e3o apenas dos peritos criminais viola o princ\u00edpio da unicidade sindical. Segundo a ministra, a Pol\u00edcia Federal \u00e9 carreira p\u00fablica com previs\u00e3o constitucional, e os peritos n\u00e3o est\u00e3o submetidos a estatuto pr\u00f3prio, ou seja, n\u00e3o constituem categoria diferenciada, o que impede o desmembramento sindical.<\/p>\n<p>A decis\u00e3o do TST implica na cassa\u00e7\u00e3o do registro sindical da associa\u00e7\u00e3o \u201csindical\u201d dos peritos e na retirada da associa\u00e7\u00e3o dos peritos nas mesas de negocia\u00e7\u00e3o com o governo federal. Segundo o presidente do Sindipol-DF, Fl\u00e1vio Werneck, o entendimento do tribunal tem um significado maior do que as consequ\u00eancias pr\u00e1ticas. \u201cO TST deixou claro que dentro da Pol\u00edcia Federal existe apenas uma carreira, como determina a Constitui\u00e7\u00e3o Federal, em seu artigo 144, par\u00e1grafo primeiro\u201d, asseverou. Da declara\u00e7\u00e3o do TST, que poder\u00e1 servir de referencia para os demais sindicatos de policiais federais do pa\u00eds, ainda cabe recurso ao STF.<\/p>\n","protected":false},"excerpt":{"rendered":"<p>Por decis\u00e3o un\u00e2nime (http:\/\/twixar.me\/P0yK), a Segunda Turma do Tribunal Superior do Trabalho (TST) declarou que o Sindicato dos Policiais Federais no Distrito Federal (Sindipol\/DF) \u00e9 o \u00fanico representante da categoria dos policiais federais de carreira no Distrito Federal Para a Turma, o desmembramento que resultou na cria\u00e7\u00e3o do Sindicato Nacional dos Peritos Criminais Federais violou o princ\u00edpio constitucional da unicidade [&hellip;]<\/p>\n","protected":false},"author":27,"featured_media":0,"comment_status":"open","ping_status":"closed","sticky":false,"template":"","format":"standard","meta":{"footnotes":""},"categories":[2719],"tags":[11743,379,1679,2584,1248,12558,68,1522,3487,14935,42,14933,319,104,2441,7900,535,14936,14934,34,503,5647],"class_list":["post-12172","post","type-post","status-publish","format-standard","hentry","category-servidor","tag-careira","tag-categoria","tag-constitucional","tag-constituicao","tag-decisao","tag-desmembramento","tag-df","tag-governo-federal","tag-mesas","tag-ministerio-da-trabalho","tag-negociacao","tag-peritos-criminais","tag-pf","tag-policia-federal","tag-recurso","tag-representados","tag-representatividade","tag-resitro-sindical","tag-sindipol-df","tag-stf","tag-tst","tag-unicidade"],"_links":{"self":[{"href":"https:\/\/blogs.correiobraziliense.com.br\/servidor\/wp-json\/wp\/v2\/posts\/12172","targetHints":{"allow":["GET"]}}],"collection":[{"href":"https:\/\/blogs.correiobraziliense.com.br\/servidor\/wp-json\/wp\/v2\/posts"}],"about":[{"href":"https:\/\/blogs.correiobraziliense.com.br\/servidor\/wp-json\/wp\/v2\/types\/post"}],"author":[{"embeddable":true,"href":"https:\/\/blogs.correiobraziliense.com.br\/servidor\/wp-json\/wp\/v2\/users\/27"}],"replies":[{"embeddable":true,"href":"https:\/\/blogs.correiobraziliense.com.br\/servidor\/wp-json\/wp\/v2\/comments?post=12172"}],"version-history":[{"count":1,"href":"https:\/\/blogs.correiobraziliense.com.br\/servidor\/wp-json\/wp\/v2\/posts\/12172\/revisions"}],"predecessor-version":[{"id":12173,"href":"https:\/\/blogs.correiobraziliense.com.br\/servidor\/wp-json\/wp\/v2\/posts\/12172\/revisions\/12173"}],"wp:attachment":[{"href":"https:\/\/blogs.correiobraziliense.com.br\/servidor\/wp-json\/wp\/v2\/media?parent=12172"}],"wp:term":[{"taxonomy":"category","embeddable":true,"href":"https:\/\/blogs.correiobraziliense.com.br\/servidor\/wp-json\/wp\/v2\/categories?post=12172"},{"taxonomy":"post_tag","embeddable":true,"href":"https:\/\/blogs.correiobraziliense.com.br\/servidor\/wp-json\/wp\/v2\/tags?post=12172"}],"curies":[{"name":"wp","href":"https:\/\/api.w.org\/{rel}","templated":true}]}}