{"id":1216,"date":"2016-03-09T14:35:59","date_gmt":"2016-03-09T17:35:59","guid":{"rendered":"https:\/\/blogs.correiobraziliense.com.br\/servidor\/?p=1216"},"modified":"2016-03-09T14:35:59","modified_gmt":"2016-03-09T17:35:59","slug":"novo-sitio-do-sped-esta-no-ar","status":"publish","type":"post","link":"https:\/\/blogs.correiobraziliense.com.br\/servidor\/novo-sitio-do-sped-esta-no-ar\/","title":{"rendered":"NOVO S\u00cdTIO DO SPED EST\u00c1 NO AR"},"content":{"rendered":"<p><span style=\"font-family: sans-serif;font-size: small\"><i>Adapta\u00e7\u00e3o a dispositivos m\u00f3veis \u00e9 uma das novidades<\/i><\/span><\/p>\n<p><span style=\"font-family: sans-serif;font-size: small\">A Receita Federal informou que j\u00e1 est\u00e1 no ar o novo s\u00edtio do Sped. Uma das principais novidades \u00e9 a responsividade: ele se adapta \u00e0 tela dos dispositivos m\u00f3veis. Al\u00e9m disso, o s\u00edtio traz outras melhorias.<\/p>\n<p>Segundo o auditor-fiscal Clovis Belbute Peres, chefe da Divis\u00e3o de Escritura\u00e7\u00e3o Digital, unidade que supervisiona o Sped, a navega\u00e7\u00e3o foi facilitada pelas escolhas de desenho de conte\u00fado. &#8220;O Sped \u00e9 composto de 12 m\u00f3dulos &#8211; cinco documentos fiscais e sete escritura\u00e7\u00f5es. Agora, todos possuem um link diferenciado no \u00a0s\u00edtio. Ademais, em cada caso, os menus que aparecem s\u00e3o os mesmos, facilitando a experi\u00eancia do usu\u00e1rio&#8221;, explica.<\/p>\n<p>O menu de cada m\u00f3dulo possui os seguintes elementos autoexplicativos: &#8220;O que \u00e9&#8221;, &#8220;Downloads&#8221;, &#8220;Legisla\u00e7\u00e3o&#8221; e &#8220;Perguntas Frequentes&#8221;. Em alguns m\u00f3dulos, h\u00e1 tamb\u00e9m um item &#8220;Servi\u00e7os&#8221;, que possibilita a utiliza\u00e7\u00e3o de aplica\u00e7\u00f5es espec\u00edficas, como a inspe\u00e7\u00e3o da situa\u00e7\u00e3o de uma escritura\u00e7\u00e3o na Junta Comercial. As not\u00edcias e novidades ganharam local especial na \u00e1rea &#8220;Destaques&#8221;, presente n\u00e3o apenas na p\u00e1gina inicial, mas na p\u00e1gina de cada m\u00f3dulo separadamente.<\/p>\n<p>&#8220;Mais do que uma nova ferramenta de busca de conte\u00fado especifico, o s\u00edtio utiliza a nova interface para que se entenda o Sped como o programa amplo que ele de fato \u00e9. Ao visualizarmos e interagirmos com os diferentes m\u00f3dulos de forma simples, torna-se evidente a amplitude do que o Sped representa n\u00e3o apenas para a \u00a0RFB, mas para a sociedade&#8221;, comenta Clovis.<br \/>\n<\/span><\/p>\n<p><span class=\"_Tgc\"><b>Sped<\/b> significa Sistema P\u00fablico de Escritura\u00e7\u00e3o Digital. Trata-se de uma solu\u00e7\u00e3o tecnol\u00f3gica que oficializa os arquivos digitais das escritura\u00e7\u00f5es fiscal e cont\u00e1bil dos sistemas empresariais dentro de um formato espec\u00edfico e padronizado.<\/span><\/p>\n","protected":false},"excerpt":{"rendered":"<p>Adapta\u00e7\u00e3o a dispositivos m\u00f3veis \u00e9 uma das novidades A Receita Federal informou que j\u00e1 est\u00e1 no ar o novo s\u00edtio do Sped. Uma das principais novidades \u00e9 a responsividade: ele se adapta \u00e0 tela dos dispositivos m\u00f3veis. Al\u00e9m disso, o s\u00edtio traz outras melhorias. Segundo o auditor-fiscal Clovis Belbute Peres, chefe da Divis\u00e3o de Escritura\u00e7\u00e3o Digital, unidade que supervisiona o [&hellip;]<\/p>\n","protected":false},"author":27,"featured_media":0,"comment_status":"open","ping_status":"closed","sticky":false,"template":"","format":"standard","meta":{"footnotes":""},"categories":[1],"tags":[1270,801,924,461,1268,1269],"class_list":["post-1216","post","type-post","status-publish","format-standard","hentry","category-sem-categoria","tag-ar","tag-melhorias","tag-novo","tag-receita","tag-sitio","tag-sped"],"_links":{"self":[{"href":"https:\/\/blogs.correiobraziliense.com.br\/servidor\/wp-json\/wp\/v2\/posts\/1216","targetHints":{"allow":["GET"]}}],"collection":[{"href":"https:\/\/blogs.correiobraziliense.com.br\/servidor\/wp-json\/wp\/v2\/posts"}],"about":[{"href":"https:\/\/blogs.correiobraziliense.com.br\/servidor\/wp-json\/wp\/v2\/types\/post"}],"author":[{"embeddable":true,"href":"https:\/\/blogs.correiobraziliense.com.br\/servidor\/wp-json\/wp\/v2\/users\/27"}],"replies":[{"embeddable":true,"href":"https:\/\/blogs.correiobraziliense.com.br\/servidor\/wp-json\/wp\/v2\/comments?post=1216"}],"version-history":[{"count":1,"href":"https:\/\/blogs.correiobraziliense.com.br\/servidor\/wp-json\/wp\/v2\/posts\/1216\/revisions"}],"predecessor-version":[{"id":1218,"href":"https:\/\/blogs.correiobraziliense.com.br\/servidor\/wp-json\/wp\/v2\/posts\/1216\/revisions\/1218"}],"wp:attachment":[{"href":"https:\/\/blogs.correiobraziliense.com.br\/servidor\/wp-json\/wp\/v2\/media?parent=1216"}],"wp:term":[{"taxonomy":"category","embeddable":true,"href":"https:\/\/blogs.correiobraziliense.com.br\/servidor\/wp-json\/wp\/v2\/categories?post=1216"},{"taxonomy":"post_tag","embeddable":true,"href":"https:\/\/blogs.correiobraziliense.com.br\/servidor\/wp-json\/wp\/v2\/tags?post=1216"}],"curies":[{"name":"wp","href":"https:\/\/api.w.org\/{rel}","templated":true}]}}