{"id":12152,"date":"2019-04-10T20:02:50","date_gmt":"2019-04-10T23:02:50","guid":{"rendered":"https:\/\/blogs.correiobraziliense.com.br\/servidor\/?p=12152"},"modified":"2019-04-10T20:15:07","modified_gmt":"2019-04-10T23:15:07","slug":"13o-para-o-bolsa-familia-resulta-em-ganho-real-de-43-para-os-mais-pobres","status":"publish","type":"post","link":"https:\/\/blogs.correiobraziliense.com.br\/servidor\/13o-para-o-bolsa-familia-resulta-em-ganho-real-de-43-para-os-mais-pobres\/","title":{"rendered":"13\u00ba para o Bolsa Fam\u00edlia resulta em ganho real de 4,3% para os mais pobres"},"content":{"rendered":"<p><em>A an\u00e1lise \u00e9 do economista Marcelo Neri, diretor do FGV Social. Nos c\u00e1lculos do especialista, &#8220;a concess\u00e3o do 13\u00ba sal\u00e1rio ao Bolsa Fam\u00edlia equivale a um reajuste nominal de 8,33%, o que dada a infla\u00e7\u00e3o dos \u00faltimos 12 meses de 3,89%, resulta em ganho real de 4,3%&#8221;. De 2015 a 2017, quando n\u00e3o houve reajuste desse programa, informou, a extrema pobreza aumentou em 40%<\/em><\/p>\n<p>Marcelo Neri se antecipou ao an\u00fancio previsto para amanh\u00e3, pela equipe econ\u00f4mica do presidente Jair Bolsonaro, sobre a cria\u00e7\u00e3o do 13\u00ba sal\u00e1rio para o Programa Bolsa Fam\u00edlia. Esse ser\u00e1 um artif\u00edcio do governo para manter o congelamento do reajuste anual do benef\u00edcio. O diretor do FGV Social destacou que estudos apontam que para cada R$ 1 inclu\u00eddos nesse programa h\u00e1 um impacto tr\u00eas vezes maior no Produto Interno Bruto (PIB). &#8220;Essa despesa n\u00e3o vai atrapalhar o ajuste fiscal, nem a reforma da Previd\u00eancia, porque far\u00e1 o dinheiro circular na economia&#8221;, destaca.<\/p>\n<p>Ele destaca que a proposta do governo seria ainda melhor, se esse dinheiro ficasse livre para cair na conta dos mais pobres no momento que eles escolhessem. &#8220;&#8221;Em vez de ser em dezembro, quando a economia est\u00e1 aquecida e \u00e9 mais f\u00e1cil conseguir emprego, poderia ser quando fosse necess\u00e1rio comprar, por exemplo, material escolar, ou em caso de doen\u00e7a. \u00c9 tamb\u00e9m importante destacar que o projeto do governo se torna ainda mais positivo para a economia por se tratar de um refor\u00e7o na renda dos mais pobres, em 2019, um ano p\u00f3s-eleitoral&#8221;, afirma.<\/p>\n<p><img loading=\"lazy\" decoding=\"async\" class=\"alignright size-large wp-image-12155\" src=\"https:\/\/blogs.correiobraziliense.com.br\/servidor\/wp-content\/uploads\/sites\/10\/2019\/04\/Neri-1.png\" alt=\"\" width=\"1\" height=\"1\" \/> <img loading=\"lazy\" decoding=\"async\" class=\"size-large wp-image-12157 alignleft\" src=\"https:\/\/blogs.correiobraziliense.com.br\/servidor\/wp-content\/uploads\/sites\/10\/2019\/04\/image0022.png\" alt=\"\" width=\"480\" height=\"360\" srcset=\"https:\/\/blogs.correiobraziliense.com.br\/servidor\/wp-content\/uploads\/sites\/10\/2019\/04\/image0022.png 480w, https:\/\/blogs.correiobraziliense.com.br\/servidor\/wp-content\/uploads\/sites\/10\/2019\/04\/image0022-300x225.png 300w, https:\/\/blogs.correiobraziliense.com.br\/servidor\/wp-content\/uploads\/sites\/10\/2019\/04\/image0022-350x263.png 350w, https:\/\/blogs.correiobraziliense.com.br\/servidor\/wp-content\/uploads\/sites\/10\/2019\/04\/image0022-230x173.png 230w\" sizes=\"auto, (max-width: 480px) 100vw, 480px\" \/><\/p>\n<p>Dec\u00e1logo do 13\u00ba do Bolsa Fam\u00edlia, segundo Marcelo Neri:<\/p>\n<p>1) A concess\u00e3o do 13\u00ba sal\u00e1rio ao Bolsa Fam\u00edlia equivale a um reajuste nominal de 8,33% o que dada a infla\u00e7\u00e3o dos \u00faltimos 12 meses de 3,89% resulta em um ganho real de 4,3%.<\/p>\n<p>2) Reajustes no seu valor fazem com que a extrema pobreza caia. Contraexemplo: em 2015 a 2017 quando houve congelamento nominal do benef\u00edcio, a extrema pobreza subiu 23% e 17%, respectivamente<\/p>\n<p>3) O Bolsa Fam\u00edlia \u00e9 a transfer\u00eancia de renda mais focada do pa\u00eds com \u00edndice de -0,63 contra -0.05 do BPC e 0,52 da previd\u00eancia, por exemplo. O \u00edndice de focaliza\u00e7\u00e3o dela que varia de -1 a 1. No extremo inferior se a renda for para o mais pobre dos pobres e no superior se for para o mais rico dos ricos.<\/p>\n<p>4) O reajuste de programas sociais em ano p\u00f3s eleitoral \u00e9 coisa rara.<\/p>\n<p>5) O multiplicador do Bolsa Fam\u00edlia \u00e9 bem maior que o de outras transfer\u00eancias oficiais. Mais de tr\u00eas vezes maior que a previd\u00eancia, por exemplo. Isto faz com que as rodas da economia girem mais. Ou seja, a combina\u00e7\u00e3o de mais Bolsa Fam\u00edlia e menos previd\u00eancia (reforma) mant\u00e9m a economia mais aquecida.<\/p>\n<p>6) N\u00e3o h\u00e1 contradi\u00e7\u00e3o nisso. Se a reforma da previd\u00eancia \u00e9 a opera\u00e7\u00e3o t\u00e3o necess\u00e1ria ao futuro do pa\u00eds, o Bolsa Fam\u00edlia \u00e9 uma esp\u00e9cie de anestesia.<\/p>\n<p>7) O nordestino, em particular aquele que mais sofreu nos \u00faltimos anos, vai receber um impacto 107% maior da medida anunciada que o brasileiro em geral<\/p>\n<p>8) Nossos estudos mostram que a felicidade do brasileiro \u00e9 mais sens\u00edvel a aumentos de renda na base do que no meio da distribui\u00e7\u00e3o. \u00c9 de se esperar um aumento da Felicidade Geral da Na\u00e7\u00e3o.<\/p>\n<p>9) Defendemos h\u00e1 algum tempo que se d\u00ea a liberdade de escolha do benefici\u00e1rio quando receber o 13\u00ba sal\u00e1rio, criando uma reserva estrat\u00e9gica para emerg\u00eancias como a necessidade de se comprar rem\u00e9dio ou material escolar.<\/p>\n<p>10) O governo poderia atrelar a\u00e7\u00f5es de educa\u00e7\u00e3o financeira. Ou seja: a decis\u00e3o \u00e9 \u00f3tima mas poderia ser melhor.<\/p>\n","protected":false},"excerpt":{"rendered":"<p>A an\u00e1lise \u00e9 do economista Marcelo Neri, diretor do FGV Social. Nos c\u00e1lculos do especialista, &#8220;a concess\u00e3o do 13\u00ba sal\u00e1rio ao Bolsa Fam\u00edlia equivale a um reajuste nominal de 8,33%, o que dada a infla\u00e7\u00e3o dos \u00faltimos 12 meses de 3,89%, resulta em ganho real de 4,3%&#8221;. De 2015 a 2017, quando n\u00e3o houve reajuste desse programa, informou, a extrema [&hellip;]<\/p>\n","protected":false},"author":27,"featured_media":12156,"comment_status":"open","ping_status":"closed","sticky":false,"template":"","format":"standard","meta":{"footnotes":""},"categories":[2719],"tags":[2414,9703,709,14923,88,9994,3730,833,240,238,1804,2369,63,239],"class_list":["post-12152","post","type-post","status-publish","format-standard","has-post-thumbnail","hentry","category-servidor","tag-13o-salario","tag-ajuste-fiscal","tag-bolsa-familia","tag-depesa","tag-economia","tag-equipe-economica","tag-ganho","tag-impacto","tag-inflacao","tag-nominal","tag-pib","tag-pobres","tag-reajuste","tag-real"],"_links":{"self":[{"href":"https:\/\/blogs.correiobraziliense.com.br\/servidor\/wp-json\/wp\/v2\/posts\/12152","targetHints":{"allow":["GET"]}}],"collection":[{"href":"https:\/\/blogs.correiobraziliense.com.br\/servidor\/wp-json\/wp\/v2\/posts"}],"about":[{"href":"https:\/\/blogs.correiobraziliense.com.br\/servidor\/wp-json\/wp\/v2\/types\/post"}],"author":[{"embeddable":true,"href":"https:\/\/blogs.correiobraziliense.com.br\/servidor\/wp-json\/wp\/v2\/users\/27"}],"replies":[{"embeddable":true,"href":"https:\/\/blogs.correiobraziliense.com.br\/servidor\/wp-json\/wp\/v2\/comments?post=12152"}],"version-history":[{"count":3,"href":"https:\/\/blogs.correiobraziliense.com.br\/servidor\/wp-json\/wp\/v2\/posts\/12152\/revisions"}],"predecessor-version":[{"id":12158,"href":"https:\/\/blogs.correiobraziliense.com.br\/servidor\/wp-json\/wp\/v2\/posts\/12152\/revisions\/12158"}],"wp:featuredmedia":[{"embeddable":true,"href":"https:\/\/blogs.correiobraziliense.com.br\/servidor\/wp-json\/wp\/v2\/media\/12156"}],"wp:attachment":[{"href":"https:\/\/blogs.correiobraziliense.com.br\/servidor\/wp-json\/wp\/v2\/media?parent=12152"}],"wp:term":[{"taxonomy":"category","embeddable":true,"href":"https:\/\/blogs.correiobraziliense.com.br\/servidor\/wp-json\/wp\/v2\/categories?post=12152"},{"taxonomy":"post_tag","embeddable":true,"href":"https:\/\/blogs.correiobraziliense.com.br\/servidor\/wp-json\/wp\/v2\/tags?post=12152"}],"curies":[{"name":"wp","href":"https:\/\/api.w.org\/{rel}","templated":true}]}}