{"id":12144,"date":"2019-04-10T11:54:30","date_gmt":"2019-04-10T14:54:30","guid":{"rendered":"https:\/\/blogs.correiobraziliense.com.br\/servidor\/?p=12144"},"modified":"2019-04-10T11:54:30","modified_gmt":"2019-04-10T14:54:30","slug":"observatorio-da-democracia-ato-100-dias-de-desconstrucao-do-brasil-no-congresso-nacional","status":"publish","type":"post","link":"https:\/\/blogs.correiobraziliense.com.br\/servidor\/observatorio-da-democracia-ato-100-dias-de-desconstrucao-do-brasil-no-congresso-nacional\/","title":{"rendered":"Observat\u00f3rio da Democracia: ato 100 dias de desconstru\u00e7\u00e3o do Brasil no Congresso Nacional"},"content":{"rendered":"<p><em>O Observat\u00f3rio da Democracia far\u00e1 o ato \u201c100 dias de desconstru\u00e7\u00e3o do Brasil\u201d, uma alus\u00e3o aos 100 dias de governo de Jair Bolsonaro, em Bras\u00edlia. A manifesta\u00e7\u00e3o ser\u00e1 hoje (10\/04), no Plen\u00e1rio 6 da C\u00e2mara dos Deputados a partir das 17 horas. As sete funda\u00e7\u00f5es integrantes do Observat\u00f3rio apresentar\u00e3o um relat\u00f3rio conjunto, com an\u00e1lises e dados que evidenciam, de acordo com os organizadores, as amea\u00e7as aos direitos e o desmonte da estrutura do Estado brasileiro, nos primeiros meses desta gest\u00e3o<\/em><\/p>\n<p>As Funda\u00e7\u00f5es integrantes do Observat\u00f3rio s\u00e3o: Jo\u00e3o Mangabeira (PSB), Lauro Campos e Marielle Franco (PSOL), Claudio Campos (PPL), Leonel Brizola-Alberto Pasqualini (PDT), Mauricio Grabois (PCdoB), Ordem Social (PROS) e Perseu Abramo (PT).<\/p>\n<p>No site do Observat\u00f3rio da Democracia est\u00e3o publicados os relat\u00f3rios das funda\u00e7\u00f5es sobre temas como soberania, gest\u00e3o de pol\u00edtica econ\u00f4mica, previd\u00eancia, direitos humanos e democracia (www.observatoriodademocracia.org.br).<\/p>\n<p>Os partidos e as entidades parceiras (representando universidades, coletivos, organiza\u00e7\u00f5es sindicais e de classe) tamb\u00e9m participar\u00e3o do ato.<\/p>\n<p>O ato ser\u00e1 no plen\u00e1rio 6 da C\u00e2mara dos Deputados a partir das 17h e ser\u00e1 transmitido pelas redes sociais das Funda\u00e7\u00f5es (facebook e youtube). Para quem for \u00e0 C\u00e2mara, poder\u00e1 acompanhar o ato tamb\u00e9m nos plen\u00e1rios 7 e 8, pelos tel\u00f5es onde ser\u00e1 retransmitido.<\/p>\n<p><strong>Servi\u00e7o<\/strong><br \/>\nAto 100 dias de desconstru\u00e7\u00e3o do Brasil<br \/>\nObservat\u00f3rio da Democracia<br \/>\nFunda\u00e7\u00f5es Jo\u00e3o Mangabeira (PSB), Lauro Campos e Marielle Franco (PSOL), Claudio Campos (PPL), Leonel Brizola-Alberto Pasqualini (PDT), Mauricio Grabois (PCdoB), Ordem Social (PROS) e Perseu Abramo (PT).<br \/>\nDia 10\/04<br \/>\nHor\u00e1rio: 17h \u00e0s 19h<br \/>\nC\u00e2mara dos Deputados \u2013 Bras\u00edlia &#8211; Plen\u00e1rio 6<br \/>\nTransmiss\u00e3o ao vivo pelas redes das funda\u00e7\u00f5es (Facebook e Youtube)<br \/>\nE retransmiss\u00e3o interna da C\u00e2mara nos plen\u00e1rios 7 e 8<\/p>\n","protected":false},"excerpt":{"rendered":"<p>O Observat\u00f3rio da Democracia far\u00e1 o ato \u201c100 dias de desconstru\u00e7\u00e3o do Brasil\u201d, uma alus\u00e3o aos 100 dias de governo de Jair Bolsonaro, em Bras\u00edlia. A manifesta\u00e7\u00e3o ser\u00e1 hoje (10\/04), no Plen\u00e1rio 6 da C\u00e2mara dos Deputados a partir das 17 horas. As sete funda\u00e7\u00f5es integrantes do Observat\u00f3rio apresentar\u00e3o um relat\u00f3rio conjunto, com an\u00e1lises e dados que evidenciam, de acordo [&hellip;]<\/p>\n","protected":false},"author":27,"featured_media":0,"comment_status":"open","ping_status":"closed","sticky":false,"template":"","format":"standard","meta":{"footnotes":""},"categories":[2719],"tags":[14914,164,1531,6784,693,14915,116,56,2888,315,98,14913,2776,4031,3801,6012,14916],"class_list":["post-12144","post","type-post","status-publish","format-standard","hentry","category-servidor","tag-100-dias","tag-brasil","tag-camara-dos-deputados","tag-coletivos","tag-congresso-nacional","tag-descontrucao","tag-direito","tag-estado","tag-facebook","tag-gestao","tag-governo","tag-observatorio-da-democracia","tag-plenario","tag-relatorio","tag-sindicatos","tag-universidades","tag-yoytube"],"_links":{"self":[{"href":"https:\/\/blogs.correiobraziliense.com.br\/servidor\/wp-json\/wp\/v2\/posts\/12144","targetHints":{"allow":["GET"]}}],"collection":[{"href":"https:\/\/blogs.correiobraziliense.com.br\/servidor\/wp-json\/wp\/v2\/posts"}],"about":[{"href":"https:\/\/blogs.correiobraziliense.com.br\/servidor\/wp-json\/wp\/v2\/types\/post"}],"author":[{"embeddable":true,"href":"https:\/\/blogs.correiobraziliense.com.br\/servidor\/wp-json\/wp\/v2\/users\/27"}],"replies":[{"embeddable":true,"href":"https:\/\/blogs.correiobraziliense.com.br\/servidor\/wp-json\/wp\/v2\/comments?post=12144"}],"version-history":[{"count":1,"href":"https:\/\/blogs.correiobraziliense.com.br\/servidor\/wp-json\/wp\/v2\/posts\/12144\/revisions"}],"predecessor-version":[{"id":12145,"href":"https:\/\/blogs.correiobraziliense.com.br\/servidor\/wp-json\/wp\/v2\/posts\/12144\/revisions\/12145"}],"wp:attachment":[{"href":"https:\/\/blogs.correiobraziliense.com.br\/servidor\/wp-json\/wp\/v2\/media?parent=12144"}],"wp:term":[{"taxonomy":"category","embeddable":true,"href":"https:\/\/blogs.correiobraziliense.com.br\/servidor\/wp-json\/wp\/v2\/categories?post=12144"},{"taxonomy":"post_tag","embeddable":true,"href":"https:\/\/blogs.correiobraziliense.com.br\/servidor\/wp-json\/wp\/v2\/tags?post=12144"}],"curies":[{"name":"wp","href":"https:\/\/api.w.org\/{rel}","templated":true}]}}