{"id":12137,"date":"2019-04-09T14:14:01","date_gmt":"2019-04-09T17:14:01","guid":{"rendered":"https:\/\/blogs.correiobraziliense.com.br\/servidor\/?p=12137"},"modified":"2019-04-09T14:14:01","modified_gmt":"2019-04-09T17:14:01","slug":"banco-central-funcionarios-contra-aumento-no-plano-de-saude","status":"publish","type":"post","link":"https:\/\/blogs.correiobraziliense.com.br\/servidor\/banco-central-funcionarios-contra-aumento-no-plano-de-saude\/","title":{"rendered":"Banco Central &#8211; Funcion\u00e1rios contra aumento no plano de sa\u00fade"},"content":{"rendered":"<p><em>Amanh\u00e3, quarta-feira, 10 de abril, \u00e0s 11h, em todas as sedes do Banco Central (dez pra\u00e7as), os servidores far\u00e3o nova mobiliza\u00e7\u00e3o unificada, contra a mudan\u00e7a do modelo contributivo do Programa de Assist\u00eancia \u00e0 Sa\u00fade dos Servidores do Banco Central (PASBC), que provocar\u00e1 aumento de at\u00e9 100%, em alguns casos, na contribui\u00e7\u00e3o de ativos, aposentados e pensionistas<\/em><\/p>\n<p>Na an\u00e1lise do Sindicato Nacional dos Funcion\u00e1rios do Banco Central (Sinal), o aumento no Programa de Assist\u00eancia \u00e0 Sa\u00fade dos Servidores do Banco Central (PASBC), al\u00e9m de exceder os limites legais previstos, representa arrocho remunerat\u00f3rio que j\u00e1 sofre com perdas salariais significativas. &#8220;Mais de oito anos de arrocho, conforme aponta o Corros\u00f4metro, com dados atualizados at\u00e9 mar\u00e7o de 2019. A defasagem remunerat\u00f3ria em rela\u00e7\u00e3o a julho de 2010, mesmo com a \u00faltima parcela do reajuste efetivada em janeiro passado, chega a 11%, com uma perda acumulada de 17,1 sal\u00e1rios&#8221;, aponta o Sinal.<\/p>\n<p>&nbsp;<\/p>\n<p>&nbsp;<\/p>\n","protected":false},"excerpt":{"rendered":"<p>Amanh\u00e3, quarta-feira, 10 de abril, \u00e0s 11h, em todas as sedes do Banco Central (dez pra\u00e7as), os servidores far\u00e3o nova mobiliza\u00e7\u00e3o unificada, contra a mudan\u00e7a do modelo contributivo do Programa de Assist\u00eancia \u00e0 Sa\u00fade dos Servidores do Banco Central (PASBC), que provocar\u00e1 aumento de at\u00e9 100%, em alguns casos, na contribui\u00e7\u00e3o de ativos, aposentados e pensionistas Na an\u00e1lise do Sindicato [&hellip;]<\/p>\n","protected":false},"author":27,"featured_media":0,"comment_status":"open","ping_status":"closed","sticky":false,"template":"","format":"standard","meta":{"footnotes":""},"categories":[2719],"tags":[345,984,865,75,1236,131,77,481,14909,346,2317,58,1760],"class_list":["post-12137","post","type-post","status-publish","format-standard","hentry","category-servidor","tag-aposentados","tag-assistencia","tag-ativos","tag-aumento","tag-banco-central","tag-contribuicao","tag-defasagem","tag-mobilizacao","tag-pasbc","tag-pensionistas","tag-plano-de-saude","tag-servidores","tag-sinal"],"_links":{"self":[{"href":"https:\/\/blogs.correiobraziliense.com.br\/servidor\/wp-json\/wp\/v2\/posts\/12137","targetHints":{"allow":["GET"]}}],"collection":[{"href":"https:\/\/blogs.correiobraziliense.com.br\/servidor\/wp-json\/wp\/v2\/posts"}],"about":[{"href":"https:\/\/blogs.correiobraziliense.com.br\/servidor\/wp-json\/wp\/v2\/types\/post"}],"author":[{"embeddable":true,"href":"https:\/\/blogs.correiobraziliense.com.br\/servidor\/wp-json\/wp\/v2\/users\/27"}],"replies":[{"embeddable":true,"href":"https:\/\/blogs.correiobraziliense.com.br\/servidor\/wp-json\/wp\/v2\/comments?post=12137"}],"version-history":[{"count":1,"href":"https:\/\/blogs.correiobraziliense.com.br\/servidor\/wp-json\/wp\/v2\/posts\/12137\/revisions"}],"predecessor-version":[{"id":12138,"href":"https:\/\/blogs.correiobraziliense.com.br\/servidor\/wp-json\/wp\/v2\/posts\/12137\/revisions\/12138"}],"wp:attachment":[{"href":"https:\/\/blogs.correiobraziliense.com.br\/servidor\/wp-json\/wp\/v2\/media?parent=12137"}],"wp:term":[{"taxonomy":"category","embeddable":true,"href":"https:\/\/blogs.correiobraziliense.com.br\/servidor\/wp-json\/wp\/v2\/categories?post=12137"},{"taxonomy":"post_tag","embeddable":true,"href":"https:\/\/blogs.correiobraziliense.com.br\/servidor\/wp-json\/wp\/v2\/tags?post=12137"}],"curies":[{"name":"wp","href":"https:\/\/api.w.org\/{rel}","templated":true}]}}