{"id":1212,"date":"2016-03-08T18:49:12","date_gmt":"2016-03-08T21:49:12","guid":{"rendered":"https:\/\/blogs.correiobraziliense.com.br\/servidor\/?p=1212"},"modified":"2016-03-08T18:49:12","modified_gmt":"2016-03-08T21:49:12","slug":"participacao-das-mulheres-no-mercado-de-trabalho-cresce-mas-situacao-ainda-e-desigual","status":"publish","type":"post","link":"https:\/\/blogs.correiobraziliense.com.br\/servidor\/participacao-das-mulheres-no-mercado-de-trabalho-cresce-mas-situacao-ainda-e-desigual\/","title":{"rendered":"PARTICIPA\u00c7\u00c3O DAS MULHERES NO MERCADO DE TRABALHO CRESCE, MAS SITUA\u00c7\u00c3O AINDA \u00c9 DESIGUAL"},"content":{"rendered":"<p>A participa\u00e7\u00e3o da mulher no mercado de trabalho cresce a cada ano, de acordo com dados do Minist\u00e9rio do Trabalho e Previd\u00eancia Social.\u00a0 Segundo a Rela\u00e7\u00e3o Anual de Informa\u00e7\u00f5es Sociais (RAIS), em 2004 havia 12,5 milh\u00f5es de trabalhadoras com carteira assinada, n\u00famero que quase dobrou em 2014, quando chegou a 21,4 milh\u00f5es, 43,25% do total. Percentualmente, essa diferen\u00e7a pode ser pequena. No entanto, um abismo se estabelece quando o assunto s\u00e3o os tipos de ocupa\u00e7\u00e3o, os cargos e os sal\u00e1rios.<\/p>\n<p>&nbsp;<\/p>\n<p>As mulheres s\u00e3o maioria nas fun\u00e7\u00f5es ainda consideradas femininas e que pagam menos. No trabalho dom\u00e9stico, por exemplo, s\u00e3o seis milh\u00f5es de trabalhadoras, 92% do total das pessoas que exercem essa profiss\u00e3o. E esse n\u00e3o \u00e9 o \u00fanico setor em que isso ocorre, conforme explica a coordenadora do N\u00facleo de G\u00eanero do Minist\u00e9rio do Trabalho e Previd\u00eancia Social, Rosane da Silva. \u201cVou citar um exemplo que todo mundo pode observar: a \u00e1rea da sa\u00fade. As mulheres s\u00e3o preferencialmente t\u00e9cnicas de enfermagem, pediatras, ginecologistas, dermatologistas. Dificilmente elas s\u00e3o cirurgi\u00e3s, chefes de equipe de um hospital\u201d, exemplifica.<\/p>\n<p>&nbsp;<\/p>\n<p><strong>Al\u00e9m do emprego<\/strong><\/p>\n<p>&nbsp;<\/p>\n<p>Fora do ambiente profissional tamb\u00e9m h\u00e1 barreiras que ainda precisam ser quebradas. A maioria das mulheres ainda acumula sozinha as tarefas de casa. Para Sheila Sampaio, conciliar casa e trabalho ainda \u00e9 um dilema feminino. \u201cAs mulheres tendem a aceitar com maior frequ\u00eancia as fun\u00e7\u00f5es cujas caracter\u00edsticas s\u00e3o as jornadas em tempo parcial ou contratos tempor\u00e1rios porque conseguem conciliar melhor o seu tempo entre o trabalho e os cuidados com sua fam\u00edlia\u201d analisa Rosane da Silva. &#8220;O crescimento da presen\u00e7a da mulher no mercado de trabalho foi determinante para sua autonomia econ\u00f4mica. Por\u00e9m, \u00e9 necess\u00e1rio pol\u00edticas de Estado que estimulem a perman\u00eancia no mercado de trabalho e que permitam avan\u00e7os em setores mais qualificados, considerados n\u00e3o femininos&#8221;.<\/p>\n<p>&nbsp;<\/p>\n<p><strong>Onde est\u00e3o as mulheres <\/strong><\/p>\n<p><strong>\u00a0<\/strong><\/p>\n<p>O trabalho feminino est\u00e1 concentrado em alguns setores, como o de servi\u00e7os, com\u00e9rcio e ind\u00fastria de transforma\u00e7\u00e3o. O \u00fanico setor em que as mulheres s\u00e3o maioria \u00e9 o da Administra\u00e7\u00e3o P\u00fablica. De 9,5 milh\u00f5es de postos de trabalho, 5,5 milh\u00f5es s\u00e3o de mulheres. Entre os setores produtivos considerados mais masculinos, se destaca o extrativista mineral. Em 2014, apenas 13% do total de 257,6 mil trabalhadores eram mulheres.<\/p>\n<p>&nbsp;<\/p>\n<p><strong>Discriminar mulheres \u00e9 ilegal<\/strong><\/p>\n<p>&nbsp;<\/p>\n<p>Os empregadores precisam ficar atentos a qualquer pr\u00e1tica que discrimine e limite o acesso ao emprego seja por sexo, ra\u00e7a ou cor, bem como considerar o sexo, idade, cor ou situa\u00e7\u00e3o familiar como vari\u00e1vel determinante para fins de remunera\u00e7\u00e3o e oportunidade de acess\u00e3o profissional, conforme previsto na Lei 9.799\/1999, a CLT.<\/p>\n<p>&nbsp;<\/p>\n<p>O que est\u00e1 proibido:<\/p>\n<p>&nbsp;<\/p>\n<ul>\n<li>qualquer pr\u00e1tica que discrimina e limita o acesso ao emprego ou sua perman\u00eancia, por motivo de sexo, origem, ra\u00e7a, cor, estado civil, situa\u00e7\u00e3o familiar ou idade;<\/li>\n<li>publicar ou fazer publicar an\u00fancio de emprego no qual haja refer\u00eancia ao sexo, \u00e0 idade, \u00e0 cor ou situa\u00e7\u00e3o familiar, salvo quando a natureza da atividade a ser exercida, p\u00fablica e notoriamente, assim o exigir;<\/li>\n<li>recusar emprego, promo\u00e7\u00e3o ou motivar a dispensa do trabalho em raz\u00e3o de sexo, idade, cor, situa\u00e7\u00e3o familiar ou estado de gravidez, salvo quando a natureza da atividade seja not\u00f3ria e publicamente incompat\u00edvel;<\/li>\n<li>considerar o sexo, a idade, a cor ou situa\u00e7\u00e3o familiar como vari\u00e1vel determinante para fins de remunera\u00e7\u00e3o, forma\u00e7\u00e3o profissional e oportunidades de ascens\u00e3o profissional; (usado para diminuir o sal\u00e1rio, excluir de cursos profissionalizantes ou subir na carreira profissional);<\/li>\n<li>exigir atestado ou exame, de qualquer natureza, para comprova\u00e7\u00e3o de esterilidade ou gravidez, na admiss\u00e3o ou perman\u00eancia no emprego;<\/li>\n<li>impedir o acesso ou adotar crit\u00e9rios subjetivos para deferimento de inscri\u00e7\u00e3o ou aprova\u00e7\u00e3o em concursos, em empresas privadas, em raz\u00e3o de sexo, idade, cor, situa\u00e7\u00e3o familiar ou estado de gravidez;<\/li>\n<li>proceder o empregador ou preposto a revistas \u00edntimas nas empregadas ou funcion\u00e1rias.<\/li>\n<\/ul>\n<p>&nbsp;<\/p>\n","protected":false},"excerpt":{"rendered":"<p>A participa\u00e7\u00e3o da mulher no mercado de trabalho cresce a cada ano, de acordo com dados do Minist\u00e9rio do Trabalho e Previd\u00eancia Social.\u00a0 Segundo a Rela\u00e7\u00e3o Anual de Informa\u00e7\u00f5es Sociais (RAIS), em 2004 havia 12,5 milh\u00f5es de trabalhadoras com carteira assinada, n\u00famero que quase dobrou em 2014, quando chegou a 21,4 milh\u00f5es, 43,25% do total. Percentualmente, essa diferen\u00e7a pode ser [&hellip;]<\/p>\n","protected":false},"author":27,"featured_media":0,"comment_status":"open","ping_status":"closed","sticky":false,"template":"","format":"standard","meta":{"footnotes":""},"categories":[1],"tags":[1264,489,1263,1120,546,261],"class_list":["post-1212","post","type-post","status-publish","format-standard","hentry","category-sem-categoria","tag-desigual","tag-mercado","tag-mulheres","tag-participacao","tag-situacao","tag-trabalho"],"_links":{"self":[{"href":"https:\/\/blogs.correiobraziliense.com.br\/servidor\/wp-json\/wp\/v2\/posts\/1212","targetHints":{"allow":["GET"]}}],"collection":[{"href":"https:\/\/blogs.correiobraziliense.com.br\/servidor\/wp-json\/wp\/v2\/posts"}],"about":[{"href":"https:\/\/blogs.correiobraziliense.com.br\/servidor\/wp-json\/wp\/v2\/types\/post"}],"author":[{"embeddable":true,"href":"https:\/\/blogs.correiobraziliense.com.br\/servidor\/wp-json\/wp\/v2\/users\/27"}],"replies":[{"embeddable":true,"href":"https:\/\/blogs.correiobraziliense.com.br\/servidor\/wp-json\/wp\/v2\/comments?post=1212"}],"version-history":[{"count":1,"href":"https:\/\/blogs.correiobraziliense.com.br\/servidor\/wp-json\/wp\/v2\/posts\/1212\/revisions"}],"predecessor-version":[{"id":1213,"href":"https:\/\/blogs.correiobraziliense.com.br\/servidor\/wp-json\/wp\/v2\/posts\/1212\/revisions\/1213"}],"wp:attachment":[{"href":"https:\/\/blogs.correiobraziliense.com.br\/servidor\/wp-json\/wp\/v2\/media?parent=1212"}],"wp:term":[{"taxonomy":"category","embeddable":true,"href":"https:\/\/blogs.correiobraziliense.com.br\/servidor\/wp-json\/wp\/v2\/categories?post=1212"},{"taxonomy":"post_tag","embeddable":true,"href":"https:\/\/blogs.correiobraziliense.com.br\/servidor\/wp-json\/wp\/v2\/tags?post=1212"}],"curies":[{"name":"wp","href":"https:\/\/api.w.org\/{rel}","templated":true}]}}