{"id":12119,"date":"2019-04-08T16:39:55","date_gmt":"2019-04-08T19:39:55","guid":{"rendered":"https:\/\/blogs.correiobraziliense.com.br\/servidor\/?p=12119"},"modified":"2019-04-08T16:40:36","modified_gmt":"2019-04-08T19:40:36","slug":"dieese-balanco-das-greve-em-2018","status":"publish","type":"post","link":"https:\/\/blogs.correiobraziliense.com.br\/servidor\/dieese-balanco-das-greve-em-2018\/","title":{"rendered":"Dieese &#8211; Balan\u00e7o das greves em 2018"},"content":{"rendered":"<p><em>O Departamento Intersindical de Estat\u00edstica e Estudos Socioecon\u00f4micos divulgou um panorama das greves no Brasil em 2018, com informa\u00e7\u00f5es sobre paralisa\u00e7\u00f5es dos trabalhadores nos setores p\u00fablico e privado. No ano, foram registradas 1.453 greves. Os trabalhadores da esfera p\u00fablica fizeram maior n\u00famero de paralisa\u00e7\u00f5es (791 registros) que os da esfera privada (655 registros)<\/em><\/p>\n<p>Em rela\u00e7\u00e3o \u00e0 quantidade de horas paradas, que equivale \u00e0 soma da dura\u00e7\u00e3o de horas de cada greve, as mobiliza\u00e7\u00f5es dos trabalhadores da esfera p\u00fablica tamb\u00e9m superaram as da esfera privada: em termos proporcionais, 71% das horas paradas nas greves de 2018 corresponderam a paralisa\u00e7\u00f5es na esfera p\u00fablica. Em 2018, cerca de 56% das greves terminaram no mesmo dia, 13% se alongaram por mais de 10 dias.<\/p>\n<p>Em 2018, 82% das greves inclu\u00edam itens de car\u00e1ter defensivo na pauta de reivindica\u00e7\u00f5es; sendo que mais da metade (53%) referia-se a descumprimento de direitos. A exig\u00eancia de regulariza\u00e7\u00e3o de pagamentos em atraso (sal\u00e1rios, f\u00e9rias, 13o ou vale salarial) e a reivindica\u00e7\u00e3o por reajuste de sal\u00e1rios e pisos foram as principais reivindica\u00e7\u00f5es das greves em 2018, presentes em cerca de 37% das mobiliza\u00e7\u00f5es.<\/p>\n<p>Greves de advert\u00eancia s\u00e3o mobiliza\u00e7\u00f5es com o an\u00fancio antecipado de tempo de dura\u00e7\u00e3o. Em 2018, das 1.453 greves, houve 556 (38%) de advert\u00eancia e 862 (59%), por tempo indeterminado. Greves que prop\u00f5em novas conquistas ou amplia\u00e7\u00e3o das j\u00e1 asseguradas s\u00e3o de car\u00e1ter propositivo. As defensivas s\u00e3o as pela defesa de condi\u00e7\u00f5es de trabalho vigentes, pelo respeito a condi\u00e7\u00f5es m\u00ednimas de trabalho, sa\u00fade e seguran\u00e7a ou contra o descumprimento de direitos estabelecidos em acordo, conven\u00e7\u00e3o coletiva ou legisla\u00e7\u00e3o. E paralisa\u00e7\u00f5es para o atendimento de reivindica\u00e7\u00f5es que ultrapassam o \u00e2mbito das rela\u00e7\u00f5es de trabalho s\u00e3o classificadas como greves de protesto.<\/p>\n<p><strong>Greves no funcionalismo p\u00fablico<\/strong><\/p>\n<p>Em 2018, o Dieese registrou 718 greves nos tr\u00eas n\u00edveis administrativos do funcionalismo p\u00fablico, que contabilizaram 47 mil horas paradas. Os servidores municipais deflagraram quase tr\u00eas quartos dessas paralisa\u00e7\u00f5es (74%), registrando dois ter\u00e7os (66%) do total de horas paradas. Pouco mais da metade das greves (54%) do funcionalismo se encerraram no mesmo dia e 18% se alongaram por mais de 10 dias.<\/p>\n<p>As 718 greves registradas no funcionalismo p\u00fablico dividiram-se igualmente em mobiliza\u00e7\u00f5es de advert\u00eancia e mobiliza\u00e7\u00f5es por tempo indeterminado. No funcionalismo p\u00fablico, 78% das greves inclu\u00edram itens de car\u00e1ter defensivo na pauta de reivindica\u00e7\u00f5es. Reivindica\u00e7\u00f5es relacionadas ao reajuste dos sal\u00e1rios e dos pisos salariais foram as mais frequentes nas pautas das greves do funcionalismo p\u00fablico (56%).<\/p>\n<p>Em seguida, est\u00e3o as exig\u00eancias da melhoria das condi\u00e7\u00f5es de trabalho, de seguran\u00e7a e de higiene, assim como a implementa\u00e7\u00e3o, altera\u00e7\u00e3o ou cumprimento do PCS, ambas presentes em 28% das<br \/>\ngreves. Entre as 718 paralisa\u00e7\u00f5es dos servidores p\u00fablicos, apenas 193 (27%) registraram informa\u00e7\u00f5es sobre os meios adotados para a resolu\u00e7\u00e3o dos conflitos). Na maioria dos casos (74%), a solu\u00e7\u00e3o foi por negocia\u00e7\u00e3o direta e\/ou mediada e, em 45%, houve envolvimento da Justi\u00e7a na resolu\u00e7\u00e3o.<\/p>\n<p><strong>Resultados das greves<\/strong><br \/>\nDas 185 greves sobre as quais se obteve informa\u00e7\u00f5es a respeito de desfecho (26% do total do funcionalismo p\u00fablico), 61% tiveram algum \u00eaxito no atendimento \u00e0s reivindica\u00e7\u00f5es.<\/p>\n<p>Em parte significativa dessas greves, pleiteou-se o reajuste dos sal\u00e1rios e dos pisos (40%), concursos p\u00fablicos e convoca\u00e7\u00e3o dos aprovados (35%), assim como a implanta\u00e7\u00e3o, modifica\u00e7\u00e3o ou cumprimento do Plano de Cargos e Sal\u00e1rios (35%)<\/p>\n","protected":false},"excerpt":{"rendered":"<p>O Departamento Intersindical de Estat\u00edstica e Estudos Socioecon\u00f4micos divulgou um panorama das greves no Brasil em 2018, com informa\u00e7\u00f5es sobre paralisa\u00e7\u00f5es dos trabalhadores nos setores p\u00fablico e privado. No ano, foram registradas 1.453 greves. Os trabalhadores da esfera p\u00fablica fizeram maior n\u00famero de paralisa\u00e7\u00f5es (791 registros) que os da esfera privada (655 registros) Em rela\u00e7\u00e3o \u00e0 quantidade de horas paradas, [&hellip;]<\/p>\n","protected":false},"author":27,"featured_media":0,"comment_status":"open","ping_status":"closed","sticky":false,"template":"","format":"standard","meta":{"footnotes":""},"categories":[2719],"tags":[14892,2414,112,7631,14893,7313,679,14896,2026,619,8627,2032,14894,14895,2092,497,498,13319,962,14897,718,241,63,30,208,5818,19],"class_list":["post-12119","post","type-post","status-publish","format-standard","hentry","category-servidor","tag-14892","tag-13o-salario","tag-acordo","tag-advertencia","tag-balanco-das-greves-em-2018","tag-conquistas","tag-convencao","tag-defensivo","tag-dieese","tag-direitos","tag-esferas","tag-ferias","tag-funcioalismo","tag-horas-paradas","tag-legislacao","tag-mobilizacoes","tag-paralisacoes","tag-pisos","tag-privado","tag-propositivo","tag-protesto","tag-publico","tag-reajuste","tag-salarios","tag-seguranca","tag-setores","tag-trabalhadores"],"_links":{"self":[{"href":"https:\/\/blogs.correiobraziliense.com.br\/servidor\/wp-json\/wp\/v2\/posts\/12119","targetHints":{"allow":["GET"]}}],"collection":[{"href":"https:\/\/blogs.correiobraziliense.com.br\/servidor\/wp-json\/wp\/v2\/posts"}],"about":[{"href":"https:\/\/blogs.correiobraziliense.com.br\/servidor\/wp-json\/wp\/v2\/types\/post"}],"author":[{"embeddable":true,"href":"https:\/\/blogs.correiobraziliense.com.br\/servidor\/wp-json\/wp\/v2\/users\/27"}],"replies":[{"embeddable":true,"href":"https:\/\/blogs.correiobraziliense.com.br\/servidor\/wp-json\/wp\/v2\/comments?post=12119"}],"version-history":[{"count":2,"href":"https:\/\/blogs.correiobraziliense.com.br\/servidor\/wp-json\/wp\/v2\/posts\/12119\/revisions"}],"predecessor-version":[{"id":12121,"href":"https:\/\/blogs.correiobraziliense.com.br\/servidor\/wp-json\/wp\/v2\/posts\/12119\/revisions\/12121"}],"wp:attachment":[{"href":"https:\/\/blogs.correiobraziliense.com.br\/servidor\/wp-json\/wp\/v2\/media?parent=12119"}],"wp:term":[{"taxonomy":"category","embeddable":true,"href":"https:\/\/blogs.correiobraziliense.com.br\/servidor\/wp-json\/wp\/v2\/categories?post=12119"},{"taxonomy":"post_tag","embeddable":true,"href":"https:\/\/blogs.correiobraziliense.com.br\/servidor\/wp-json\/wp\/v2\/tags?post=12119"}],"curies":[{"name":"wp","href":"https:\/\/api.w.org\/{rel}","templated":true}]}}