{"id":12111,"date":"2019-04-08T12:41:18","date_gmt":"2019-04-08T15:41:18","guid":{"rendered":"https:\/\/blogs.correiobraziliense.com.br\/servidor\/?p=12111"},"modified":"2019-04-08T12:41:18","modified_gmt":"2019-04-08T15:41:18","slug":"cdh-debate-reducao-salarial-e-demissao-de-terceirizados-do-senado","status":"publish","type":"post","link":"https:\/\/blogs.correiobraziliense.com.br\/servidor\/cdh-debate-reducao-salarial-e-demissao-de-terceirizados-do-senado\/","title":{"rendered":"CDH debate redu\u00e7\u00e3o salarial e demiss\u00e3o de terceirizados do Senado"},"content":{"rendered":"<p><em>Amanh\u00e3, ter\u00e7a-feira (09), \u00e0s 9 horas, a Comiss\u00e3o de Direitos Humanos do Senado Federal realiza audi\u00eancia p\u00fablica para debater \u201credu\u00e7\u00e3o salarial e demiss\u00e3o de terceirizados do Senado\u201d. O requerimento \u00e9 de autoria do presidente do colegiado, senador Paulo Paim. Recentemente o Tribunal de Contas da Uni\u00e3o (TCU) determinou a demiss\u00e3o de 1.600 servidores terceirizados do Senado<\/em><\/p>\n<p><strong>Convidados<\/strong><\/p>\n<p>Fabio Leal Cardoso<br \/>\n\u2022Subprocurador Geral do Trabalho<\/p>\n<p>Rodrigo Galha<br \/>\n\u2022Diretor da Secretaria de Administra\u00e7\u00e3o de Contrata\u00e7\u00f5es do Senado Federal<\/p>\n<p>T\u00e2nia Lopes<br \/>\n\u2022Secret\u00e1ria de Controle Externo de Aquisi\u00e7\u00f5es Log\u00edsticas do Tribunal de Contas da Uni\u00e3o<\/p>\n<p>Maria Isabel Caetano dos Reis<br \/>\n\u2022Presidente do Sindicato dos Empregados em Empresas de Asseio, Conserva\u00e7\u00e3o, Trabalho Tempor\u00e1rio, Presta\u00e7\u00e3o de Servi\u00e7os e Servi\u00e7os Terceiriz\u00e1veis do Distrito Federal \u2013 Sindiservi\u00e7os\/DF<\/p>\n<p>Marco Antonio Arguelho Clemente<br \/>\n\u2022Presidente do Sindicato dos Radialistas do Distrito Federal \u2013 Sinrad-DF<\/p>\n<p>Ogib Teixeira de Carvalho Filho<br \/>\n\u2022Presidente da Federa\u00e7\u00e3o Nacional dos Servidores P\u00fablicos Federais de Fiscaliza\u00e7\u00e3o, Investiga\u00e7\u00e3o, Regula\u00e7\u00e3o e Controle &#8211; Fenafirc<\/p>\n<p>Waldemiro Livingston de Souza<br \/>\n\u2022Presidente da Associa\u00e7\u00e3o dos Prestadores de Servi\u00e7os do Senado Federal &#8211; Apresefe<\/p>\n<p>Wanderley Rabelo Silva<br \/>\n\u2022Diretor Executivo de Contrata\u00e7\u00f5es do Senado Federal<\/p>\n<p>Servi\u00e7o:<br \/>\nAnexo II do Senado, Ala Nilo Coelho, plen\u00e1rio 06.<br \/>\nPerguntas e coment\u00e1rios: Al\u00f4 Senado (0800-612211), Portal e-cidadania (www.senado.leg.br\/ecidadania).<\/p>\n<p>http:\/\/www.senadorpaim.com.br\/noticias\/noticia\/8059<\/p>\n","protected":false},"excerpt":{"rendered":"<p>Amanh\u00e3, ter\u00e7a-feira (09), \u00e0s 9 horas, a Comiss\u00e3o de Direitos Humanos do Senado Federal realiza audi\u00eancia p\u00fablica para debater \u201credu\u00e7\u00e3o salarial e demiss\u00e3o de terceirizados do Senado\u201d. O requerimento \u00e9 de autoria do presidente do colegiado, senador Paulo Paim. Recentemente o Tribunal de Contas da Uni\u00e3o (TCU) determinou a demiss\u00e3o de 1.600 servidores terceirizados do Senado Convidados Fabio Leal Cardoso [&hellip;]<\/p>\n","protected":false},"author":27,"featured_media":0,"comment_status":"open","ping_status":"closed","sticky":false,"template":"","format":"standard","meta":{"footnotes":""},"categories":[2719],"tags":[192,8798,847,1017,14887,696,58,1090],"class_list":["post-12111","post","type-post","status-publish","format-standard","hentry","category-servidor","tag-audiencia","tag-cdh","tag-debate","tag-demissao","tag-reducao-salarial","tag-senado","tag-servidores","tag-terceirizados"],"_links":{"self":[{"href":"https:\/\/blogs.correiobraziliense.com.br\/servidor\/wp-json\/wp\/v2\/posts\/12111","targetHints":{"allow":["GET"]}}],"collection":[{"href":"https:\/\/blogs.correiobraziliense.com.br\/servidor\/wp-json\/wp\/v2\/posts"}],"about":[{"href":"https:\/\/blogs.correiobraziliense.com.br\/servidor\/wp-json\/wp\/v2\/types\/post"}],"author":[{"embeddable":true,"href":"https:\/\/blogs.correiobraziliense.com.br\/servidor\/wp-json\/wp\/v2\/users\/27"}],"replies":[{"embeddable":true,"href":"https:\/\/blogs.correiobraziliense.com.br\/servidor\/wp-json\/wp\/v2\/comments?post=12111"}],"version-history":[{"count":1,"href":"https:\/\/blogs.correiobraziliense.com.br\/servidor\/wp-json\/wp\/v2\/posts\/12111\/revisions"}],"predecessor-version":[{"id":12113,"href":"https:\/\/blogs.correiobraziliense.com.br\/servidor\/wp-json\/wp\/v2\/posts\/12111\/revisions\/12113"}],"wp:attachment":[{"href":"https:\/\/blogs.correiobraziliense.com.br\/servidor\/wp-json\/wp\/v2\/media?parent=12111"}],"wp:term":[{"taxonomy":"category","embeddable":true,"href":"https:\/\/blogs.correiobraziliense.com.br\/servidor\/wp-json\/wp\/v2\/categories?post=12111"},{"taxonomy":"post_tag","embeddable":true,"href":"https:\/\/blogs.correiobraziliense.com.br\/servidor\/wp-json\/wp\/v2\/tags?post=12111"}],"curies":[{"name":"wp","href":"https:\/\/api.w.org\/{rel}","templated":true}]}}