{"id":12107,"date":"2019-04-08T12:28:32","date_gmt":"2019-04-08T15:28:32","guid":{"rendered":"https:\/\/blogs.correiobraziliense.com.br\/servidor\/?p=12107"},"modified":"2019-04-08T12:28:32","modified_gmt":"2019-04-08T15:28:32","slug":"solenidade-de-sancao-da-lei-do-cadastro-positivo","status":"publish","type":"post","link":"https:\/\/blogs.correiobraziliense.com.br\/servidor\/solenidade-de-sancao-da-lei-do-cadastro-positivo\/","title":{"rendered":"Solenidade de san\u00e7\u00e3o da lei do Cadastro Positivo"},"content":{"rendered":"<p><em>Hoje (8\/04), \u00e0s 15h30, acontece a solenidade da san\u00e7\u00e3o presidencial do projeto de lei que desburocratiza as regras do Cadastro Positivo<\/em><\/p>\n<p>Na an\u00e1lise da Confedera\u00e7\u00e3o Nacional de Dirigentes Lojistas (CNDL) e do Servi\u00e7o de Prote\u00e7\u00e3o ao Cr\u00e9dito (SPC Brasil), o Cadastro Positivo \u00e9 um banco de dados que re\u00fane informa\u00e7\u00f5es sobre o hist\u00f3rico de pagamentos dos consumidores. Com a nova lei, todos os consumidores brasileiros com CPF ativo e empresas inscritas no CNPJ passam a fazer parte automaticamente da lista. &#8220;A medida ir\u00e1 abrir novos caminhos para reduzir os juros e facilitar a concess\u00e3o de cr\u00e9dito&#8221;, informam as entidades.<\/p>\n<p>&nbsp;<\/p>\n","protected":false},"excerpt":{"rendered":"<p>Hoje (8\/04), \u00e0s 15h30, acontece a solenidade da san\u00e7\u00e3o presidencial do projeto de lei que desburocratiza as regras do Cadastro Positivo Na an\u00e1lise da Confedera\u00e7\u00e3o Nacional de Dirigentes Lojistas (CNDL) e do Servi\u00e7o de Prote\u00e7\u00e3o ao Cr\u00e9dito (SPC Brasil), o Cadastro Positivo \u00e9 um banco de dados que re\u00fane informa\u00e7\u00f5es sobre o hist\u00f3rico de pagamentos dos consumidores. Com a nova [&hellip;]<\/p>\n","protected":false},"author":27,"featured_media":0,"comment_status":"open","ping_status":"closed","sticky":false,"template":"","format":"standard","meta":{"footnotes":""},"categories":[2719],"tags":[14886,2339,102,14885,2430,4315,2338],"class_list":["post-12107","post","type-post","status-publish","format-standard","hentry","category-servidor","tag-cadastro-positivo","tag-cndl","tag-lei","tag-presidentcial","tag-sancao","tag-solenidade","tag-spc-brasil"],"_links":{"self":[{"href":"https:\/\/blogs.correiobraziliense.com.br\/servidor\/wp-json\/wp\/v2\/posts\/12107","targetHints":{"allow":["GET"]}}],"collection":[{"href":"https:\/\/blogs.correiobraziliense.com.br\/servidor\/wp-json\/wp\/v2\/posts"}],"about":[{"href":"https:\/\/blogs.correiobraziliense.com.br\/servidor\/wp-json\/wp\/v2\/types\/post"}],"author":[{"embeddable":true,"href":"https:\/\/blogs.correiobraziliense.com.br\/servidor\/wp-json\/wp\/v2\/users\/27"}],"replies":[{"embeddable":true,"href":"https:\/\/blogs.correiobraziliense.com.br\/servidor\/wp-json\/wp\/v2\/comments?post=12107"}],"version-history":[{"count":1,"href":"https:\/\/blogs.correiobraziliense.com.br\/servidor\/wp-json\/wp\/v2\/posts\/12107\/revisions"}],"predecessor-version":[{"id":12108,"href":"https:\/\/blogs.correiobraziliense.com.br\/servidor\/wp-json\/wp\/v2\/posts\/12107\/revisions\/12108"}],"wp:attachment":[{"href":"https:\/\/blogs.correiobraziliense.com.br\/servidor\/wp-json\/wp\/v2\/media?parent=12107"}],"wp:term":[{"taxonomy":"category","embeddable":true,"href":"https:\/\/blogs.correiobraziliense.com.br\/servidor\/wp-json\/wp\/v2\/categories?post=12107"},{"taxonomy":"post_tag","embeddable":true,"href":"https:\/\/blogs.correiobraziliense.com.br\/servidor\/wp-json\/wp\/v2\/tags?post=12107"}],"curies":[{"name":"wp","href":"https:\/\/api.w.org\/{rel}","templated":true}]}}