{"id":12103,"date":"2019-04-05T19:37:17","date_gmt":"2019-04-05T22:37:17","guid":{"rendered":"https:\/\/blogs.correiobraziliense.com.br\/servidor\/?p=12103"},"modified":"2019-04-05T19:37:17","modified_gmt":"2019-04-05T22:37:17","slug":"rede-pro-legislativo-levara-qualificacao-ao-vivo-e-simultaneamente-para-todas-as-camaras-municipais-do-pais","status":"publish","type":"post","link":"https:\/\/blogs.correiobraziliense.com.br\/servidor\/rede-pro-legislativo-levara-qualificacao-ao-vivo-e-simultaneamente-para-todas-as-camaras-municipais-do-pais\/","title":{"rendered":"Rede Pro Legislativo levar\u00e1 qualifica\u00e7\u00e3o ao vivo e simultaneamente para todas as C\u00e2maras Municipais do pa\u00eds"},"content":{"rendered":"<p><em>Uma iniciativa inovadora para as C\u00e2maras Municipais, com qualifica\u00e7\u00e3o simult\u00e2nea em todo Brasil de forma eficiente, a baixo custo e de alta qualidade. \u00c9 a Rede Pro Legislativo, idealizada pelo jornalista especializado em comunica\u00e7\u00e3o p\u00fablica e legislativa, Sergio Lerrer. A Rede tem uma agenda mensal de eventos de qualifica\u00e7\u00e3o com a proposta de preparar os legislativos municipais para uma produtividade de qualidade, atendendo demandas atuais de cidadania e de expectativas de suas comunidades.<\/em><\/p>\n<p>Os munic\u00edpios brasileiros em sua maioria tem d\u00e9ficit de boas pol\u00edticas p\u00fablicas de m\u00e9dio e longo prazo, incapazes de oferecer moderniza\u00e7\u00e3o urbana, diversifica\u00e7\u00e3o do desenvolvimento econ\u00f4mico, rejuvenescimento do empreendedorismo local, qualifica\u00e7\u00e3o de educa\u00e7\u00e3o, sa\u00fade e meio ambiente, e uma real fiscaliza\u00e7\u00e3o que monitore e vigie o poder p\u00fablico local e os recursos l\u00e1 empregados. Em parte, a causa deriva da falta de debate p\u00fablico na C\u00e2mara Municipal e da car\u00eancia de forma\u00e7\u00e3o t\u00e9cnica de vereadores e assessores para poderem organizar essa agenda pol\u00edtica e p\u00fablica.<\/p>\n<p><em>Primeiro Evento da Rede Pro Legislativo<\/em><\/p>\n<p>No dia 27 de mar\u00e7o ocorreu o primeiro evento de qualifica\u00e7\u00e3o ao vivo para Vereadores, Assessores e quadros em geral dos legislativos municipais, transmitido de est\u00fadio de TV em Bras\u00edlia e acompanhado por 26 C\u00e2maras Municipais de 8 Estados diferentes em simult\u00e2neo, que puderam interagir com d\u00favidas e perguntas com os palestrantes. Este evento teve como foco preparar de forma t\u00e9cnica os participantes para uma efetiva fiscaliza\u00e7\u00e3o de qualidade dos poderes p\u00fablicos locais. O evento teve a participa\u00e7\u00e3o da Conselheira Substituta do TCE-SC, Sabrina Iocken, que ensinou os limites e formas de gastos de pessoal dentro da legalidade, inclusive terceiriza\u00e7\u00e3o, do Auditor do TCU Nicola Khoury, com aula de como fiscalizar obras p\u00fablicas, e do jornalista Leo Arcoverde, da Globonews e da organiza\u00e7\u00e3o Fiquem Sabendo, que ensinou como usar os recursos da Lei de Acesso \u00e0 Informa\u00e7\u00e3o para acompanhar as contas p\u00fablicas.<\/p>\n<p><strong>Sistema Econ\u00f4mico e Democr\u00e1tico de Qualifica\u00e7\u00e3o<\/strong><\/p>\n<p>A Rede Pro Legislativo permitir\u00e1 assim que c\u00e2maras municipais de pequenos munic\u00edpios tenham assim acesso \u00e0 educa\u00e7\u00e3o e prepara\u00e7\u00e3o legislativa, lembrando que 80% dos munic\u00edpios brasileiros possuem menos de 20 mil habitantes e or\u00e7amento p\u00fablico diminuto.<\/p>\n<p>Ser\u00e1 um complemento e contraponto a outras iniciativas nas quais os Vereadores e os quadros das C\u00e2maras Municipais precisam fazer investimentos com deslocamento para Bras\u00edlia e capitais, hospedagem e outros gastos, al\u00e9m de di\u00e1rias, para obterem qualifica\u00e7\u00e3o, sendo que na maior parte das vezes apenas uma ou duas pessoas daquele legislativo conseguem fazer a inscri\u00e7\u00e3o.<\/p>\n<p>Neste novo modelo proporcionado pela Rede Pro Legislativo a C\u00e2mara Municipal far\u00e1 apenas uma Inscri\u00e7\u00e3o na qualidade de institui\u00e7\u00e3o, correspondente ao que seria apenas uma pessoa, e funcionar\u00e1 como Polo Presencial, projetando em tel\u00e3o o evento ao vivo e permitindo que todos os seus quadros possam assistir em simult\u00e2neo sem gastos adicionais.<\/p>\n<p>Al\u00e9m disso, conforme o tema, a C\u00e2mara Municipal poder\u00e1 tamb\u00e9m convidar os outros poderes p\u00fablicos locais para o aprendizado em conjunto, assim como organiza\u00e7\u00f5es sociais do munic\u00edpio e cidad\u00e3os em geral. Far\u00e1 o papel de uma Escola Legislativa aberta de forma simples e f\u00e1cil podendo envolver a sociedade.<\/p>\n<p><strong>Temas a serem abordados<\/strong><\/p>\n<p>A Rede Pro Legislativo ter\u00e1 um evento mensal de 3 horas de dura\u00e7\u00e3o e abordar\u00e1 temas como: Pol\u00edticas P\u00fablicas de Educa\u00e7\u00e3o Municipal, Parcerias P\u00fablico Privadas e Concess\u00f5es, Papel da Comunica\u00e7\u00e3o e da Transpar\u00eancia na C\u00e2mara Municipal, Desafios para o Desenvolvimento Econ\u00f4mico Municipal, Projetos de Lei Transformadores, Parcerias Poder P\u00fablico e Organiza\u00e7\u00f5es Sociais, Monitoramento do Uso do Recurso P\u00fablica local, Munic\u00edpios Sustent\u00e1veis, Cases de Munic\u00edpios em Mudan\u00e7a, Curso de Assessoria Parlamentar e Pol\u00edtica, entre outros temas.<\/p>\n<p>Os eventos ser\u00e3o realizados no primeiro momento ao vivo de Bras\u00edlia e de S\u00e3o Paulo, com palestrantes do setor p\u00fablico e privado, especialistas, autoridades e acad\u00eamicos.<\/p>\n<p><strong>Realizadores<\/strong><\/p>\n<p>A realiza\u00e7\u00e3o \u00e9 do Portal Pro Legislativo ( <a href=\"http:\/\/www.prolegislativo.com.br\/\" target=\"_top\">www.prolegislativo.com.br<\/a>) fundado em 2011 e que se dedica \u00e0 cobertura e eventos com foco em moderniza\u00e7\u00e3o legislativa. A ideia era dar visibilidade \u00e0s iniciativas que restaurassem a import\u00e2ncia do legislativo, da restaura\u00e7\u00e3o de sua autonomia para pensar e planejar a sociedade, e que pudessem ser casos de exemplaridade a serem compartilhados.<\/p>\n<p>A dire\u00e7\u00e3o e idealiza\u00e7\u00e3o \u00e9 do jornalista Sergio Lerrer, com passagens na comunica\u00e7\u00e3o de institui\u00e7\u00f5es do poder p\u00fablico e do setor privado, especializando-se na comunica\u00e7\u00e3o de interesse p\u00fablico e legislativo. Unindo sua experi\u00eancia tamb\u00e9m de cineasta e diretor de tv, estruturou a Rede Pro Legislativo para dar esse suporte de conhecimento e treinamento \u00e0s aproximadamente 5569 c\u00e2maras municipais do pa\u00eds.<\/p>\n<p>\u201cAcredito que hoje temos um forte d\u00e9ficit de pol\u00edticas p\u00fablicas inteligentes que racionalizem o uso dos recursos p\u00fablicos e que adotem novas tecnologias. Todo nosso sistema p\u00fablico e pol\u00edtico est\u00e1 sob stress para ser mais eficiente. Penso que se os munic\u00edpios se transformarem, o pa\u00eds tamb\u00e9m muda, j\u00e1 que hoje em dia as mudan\u00e7as boas s\u00e3o de baixo para cima. E nada melhor do que ajudar a fomentar essa din\u00e2mica com a forma\u00e7\u00e3o de uma grande rede nacional que prepare vereadores, conecte eles com ideias contempor\u00e2neas, que os coloque em contato direto e ao vivo com grandes especialistas e que esse processo oxigene o debate p\u00fablico de cada pequena cidade e sejam legadas forma\u00e7\u00e3o t\u00e9cnica e inspira\u00e7\u00e3o para melhorias. N\u00e3o existem caminhos prontos, mas penso que a Rede Pro Legislativo pode oferecer espa\u00e7o e conte\u00fado de mentoria e formar pessoas que sejam agentes de mudan\u00e7a do processo p\u00fablico dentro do legislativo\u201d, conta Lerrer.<\/p>\n","protected":false},"excerpt":{"rendered":"<p>Uma iniciativa inovadora para as C\u00e2maras Municipais, com qualifica\u00e7\u00e3o simult\u00e2nea em todo Brasil de forma eficiente, a baixo custo e de alta qualidade. \u00c9 a Rede Pro Legislativo, idealizada pelo jornalista especializado em comunica\u00e7\u00e3o p\u00fablica e legislativa, Sergio Lerrer. A Rede tem uma agenda mensal de eventos de qualifica\u00e7\u00e3o com a proposta de preparar os legislativos municipais para uma produtividade [&hellip;]<\/p>\n","protected":false},"author":27,"featured_media":0,"comment_status":"open","ping_status":"closed","sticky":false,"template":"","format":"standard","meta":{"footnotes":""},"categories":[2719],"tags":[1527,14880,439,559,2116,4337,1136,54,787,3793,14879],"class_list":["post-12103","post","type-post","status-publish","format-standard","hentry","category-servidor","tag-agenda","tag-camaras-municipais","tag-cidadania","tag-comunicacao","tag-custo","tag-especializacao","tag-produtividade","tag-proposta","tag-qualidade","tag-qualificacao","tag-rede-pro-legislativo"],"_links":{"self":[{"href":"https:\/\/blogs.correiobraziliense.com.br\/servidor\/wp-json\/wp\/v2\/posts\/12103","targetHints":{"allow":["GET"]}}],"collection":[{"href":"https:\/\/blogs.correiobraziliense.com.br\/servidor\/wp-json\/wp\/v2\/posts"}],"about":[{"href":"https:\/\/blogs.correiobraziliense.com.br\/servidor\/wp-json\/wp\/v2\/types\/post"}],"author":[{"embeddable":true,"href":"https:\/\/blogs.correiobraziliense.com.br\/servidor\/wp-json\/wp\/v2\/users\/27"}],"replies":[{"embeddable":true,"href":"https:\/\/blogs.correiobraziliense.com.br\/servidor\/wp-json\/wp\/v2\/comments?post=12103"}],"version-history":[{"count":1,"href":"https:\/\/blogs.correiobraziliense.com.br\/servidor\/wp-json\/wp\/v2\/posts\/12103\/revisions"}],"predecessor-version":[{"id":12104,"href":"https:\/\/blogs.correiobraziliense.com.br\/servidor\/wp-json\/wp\/v2\/posts\/12103\/revisions\/12104"}],"wp:attachment":[{"href":"https:\/\/blogs.correiobraziliense.com.br\/servidor\/wp-json\/wp\/v2\/media?parent=12103"}],"wp:term":[{"taxonomy":"category","embeddable":true,"href":"https:\/\/blogs.correiobraziliense.com.br\/servidor\/wp-json\/wp\/v2\/categories?post=12103"},{"taxonomy":"post_tag","embeddable":true,"href":"https:\/\/blogs.correiobraziliense.com.br\/servidor\/wp-json\/wp\/v2\/tags?post=12103"}],"curies":[{"name":"wp","href":"https:\/\/api.w.org\/{rel}","templated":true}]}}