{"id":12093,"date":"2019-04-05T18:49:24","date_gmt":"2019-04-05T21:49:24","guid":{"rendered":"https:\/\/blogs.correiobraziliense.com.br\/servidor\/?p=12093"},"modified":"2019-04-05T18:49:24","modified_gmt":"2019-04-05T21:49:24","slug":"receita-federal-nota-a-imprensa","status":"publish","type":"post","link":"https:\/\/blogs.correiobraziliense.com.br\/servidor\/receita-federal-nota-a-imprensa\/","title":{"rendered":"Receita Federal &#8211; Nota \u00e0 imprensa"},"content":{"rendered":"<p>&#8220;<span style=\"font-family: sans-serif;font-size: medium\">A Receita Federal informa que, ap\u00f3s identificar o acesso a informa\u00e7\u00f5es fiscais do Sr. Presidente da Rep\u00fablica e de integrantes de sua fam\u00edlia, por dois servidores, o \u00f3rg\u00e3o abriu sindic\u00e2ncia para apurar as circunst\u00e2ncias em que esse acesso foi realizado. <\/span><\/p>\n<p><span style=\"font-family: sans-serif;font-size: medium\">A sindic\u00e2ncia concluiu que n\u00e3o havia motiva\u00e7\u00e3o legal para o acesso e, por esta raz\u00e3o, a Receita notificou \u00e0 Pol\u00edcia Federal ao mesmo tempo em que iniciou procedimento correicional, visando apurar responsabilidade funcional dos envolvidos.<\/span>&#8220;<\/p>\n","protected":false},"excerpt":{"rendered":"<p>&#8220;A Receita Federal informa que, ap\u00f3s identificar o acesso a informa\u00e7\u00f5es fiscais do Sr. Presidente da Rep\u00fablica e de integrantes de sua fam\u00edlia, por dois servidores, o \u00f3rg\u00e3o abriu sindic\u00e2ncia para apurar as circunst\u00e2ncias em que esse acesso foi realizado. A sindic\u00e2ncia concluiu que n\u00e3o havia motiva\u00e7\u00e3o legal para o acesso e, por esta raz\u00e3o, a Receita notificou \u00e0 Pol\u00edcia [&hellip;]<\/p>\n","protected":false},"author":27,"featured_media":0,"comment_status":"open","ping_status":"closed","sticky":false,"template":"","format":"standard","meta":{"footnotes":""},"categories":[2719],"tags":[84,14866,1242,12,14863,14865,81,3295,294,3244,58,14864],"class_list":["post-12093","post","type-post","status-publish","format-standard","hentry","category-servidor","tag-acesso","tag-correicional","tag-familia","tag-fiscais","tag-informcaoes","tag-motivacao-legal","tag-presidente","tag-procedimento","tag-receita-federal","tag-responsabilidades","tag-servidores","tag-sindicancia"],"_links":{"self":[{"href":"https:\/\/blogs.correiobraziliense.com.br\/servidor\/wp-json\/wp\/v2\/posts\/12093","targetHints":{"allow":["GET"]}}],"collection":[{"href":"https:\/\/blogs.correiobraziliense.com.br\/servidor\/wp-json\/wp\/v2\/posts"}],"about":[{"href":"https:\/\/blogs.correiobraziliense.com.br\/servidor\/wp-json\/wp\/v2\/types\/post"}],"author":[{"embeddable":true,"href":"https:\/\/blogs.correiobraziliense.com.br\/servidor\/wp-json\/wp\/v2\/users\/27"}],"replies":[{"embeddable":true,"href":"https:\/\/blogs.correiobraziliense.com.br\/servidor\/wp-json\/wp\/v2\/comments?post=12093"}],"version-history":[{"count":1,"href":"https:\/\/blogs.correiobraziliense.com.br\/servidor\/wp-json\/wp\/v2\/posts\/12093\/revisions"}],"predecessor-version":[{"id":12094,"href":"https:\/\/blogs.correiobraziliense.com.br\/servidor\/wp-json\/wp\/v2\/posts\/12093\/revisions\/12094"}],"wp:attachment":[{"href":"https:\/\/blogs.correiobraziliense.com.br\/servidor\/wp-json\/wp\/v2\/media?parent=12093"}],"wp:term":[{"taxonomy":"category","embeddable":true,"href":"https:\/\/blogs.correiobraziliense.com.br\/servidor\/wp-json\/wp\/v2\/categories?post=12093"},{"taxonomy":"post_tag","embeddable":true,"href":"https:\/\/blogs.correiobraziliense.com.br\/servidor\/wp-json\/wp\/v2\/tags?post=12093"}],"curies":[{"name":"wp","href":"https:\/\/api.w.org\/{rel}","templated":true}]}}