{"id":12091,"date":"2019-04-05T18:46:44","date_gmt":"2019-04-05T21:46:44","guid":{"rendered":"https:\/\/blogs.correiobraziliense.com.br\/servidor\/?p=12091"},"modified":"2019-04-05T18:46:44","modified_gmt":"2019-04-05T21:46:44","slug":"agu-judicializacao-pode-ser-inevitavel-em-negociacoes-com-servidores","status":"publish","type":"post","link":"https:\/\/blogs.correiobraziliense.com.br\/servidor\/agu-judicializacao-pode-ser-inevitavel-em-negociacoes-com-servidores\/","title":{"rendered":"AGU &#8211; Judicializa\u00e7\u00e3o pode ser inevit\u00e1vel em negocia\u00e7\u00f5es com servidores"},"content":{"rendered":"<p><em>Mesmo tentando evitar o ac\u00famulo de processos contra o Estado, o advogado-geral da Uni\u00e3o, Andr\u00e9 Mendon\u00e7a, durante caf\u00e9 da manh\u00e3 com jornalistas para apresentar o relat\u00f3rio dos \u201c100 dias de gest\u00e3o\u201d da AGU, deixou claro que n\u00e3o h\u00e1 espa\u00e7o or\u00e7ament\u00e1rio para reajustes e a situa\u00e7\u00e3o de n\u00e3o atendimento de demandas salariais dever\u00e1 persistir. &#8220;Acho que est\u00e1 muito prematura ainda para se falar em reajuste e em judicializa\u00e7\u00e3o&#8221;, afirmou<\/em><\/p>\n<p>Questionado sobre as pautas reivindicat\u00f3rias do funcionalismo federal &#8211; protocoladas pelas lideran\u00e7as sindicais h\u00e1 mais de um m\u00eas no Minist\u00e9rio da Economia -, Mendon\u00e7a explicou que preven\u00e7\u00e3o \u00e9 sempre o melhor caminho, por\u00e9m o resultado pode n\u00e3o ser favor\u00e1vel aos servidores: &#8220;A PGFN hoje tem o papel de dar esse assessoramento jur\u00eddico ao Minist\u00e9rio da Economia, que est\u00e1 incumbido dessa discuss\u00e3o sobre reestrutura\u00e7\u00e3o de carreiras e reajustes de valores. Mas lembrando tamb\u00e9m que hoje n\u00e3o h\u00e1 espa\u00e7o fiscal para reajuste.N\u00e3o podemos deixar de fazer o que \u00e9 certo para evitar a judicializa\u00e7\u00e3o. Temos que fazer o que \u00e9 certo, ainda que o pre\u00e7o seja a judicializa\u00e7\u00e3o. O que nos n\u00e3o podemos fazer \u00e9 o errado, ou seja, errar no in\u00edcio e no final, porque depois vai ter que se responder. Agora, responder judicialmente, fazendo o que \u00e9 certo, a AGU est\u00e1 preparada&#8221;, alertou.<\/p>\n<p><span style=\"font-family: Utopia, sans-serif\"><span style=\"font-size: small\">\u00a0<\/span><\/span><\/p>\n","protected":false},"excerpt":{"rendered":"<p>Mesmo tentando evitar o ac\u00famulo de processos contra o Estado, o advogado-geral da Uni\u00e3o, Andr\u00e9 Mendon\u00e7a, durante caf\u00e9 da manh\u00e3 com jornalistas para apresentar o relat\u00f3rio dos \u201c100 dias de gest\u00e3o\u201d da AGU, deixou claro que n\u00e3o h\u00e1 espa\u00e7o or\u00e7ament\u00e1rio para reajustes e a situa\u00e7\u00e3o de n\u00e3o atendimento de demandas salariais dever\u00e1 persistir. &#8220;Acho que est\u00e1 muito prematura ainda para [&hellip;]<\/p>\n","protected":false},"author":27,"featured_media":0,"comment_status":"open","ping_status":"closed","sticky":false,"template":"","format":"standard","meta":{"footnotes":""},"categories":[2719],"tags":[157,55,14862,5420,14002,59,1164,10829,1999,894,1376,1470,58],"class_list":["post-12091","post","type-post","status-publish","format-standard","hentry","category-servidor","tag-agu","tag-carreiras","tag-certo","tag-errado","tag-espaco-fiscal","tag-federais","tag-funcionalismo","tag-inevitavel","tag-judicializacao","tag-negociacoes","tag-reestruturacao","tag-salariais","tag-servidores"],"_links":{"self":[{"href":"https:\/\/blogs.correiobraziliense.com.br\/servidor\/wp-json\/wp\/v2\/posts\/12091","targetHints":{"allow":["GET"]}}],"collection":[{"href":"https:\/\/blogs.correiobraziliense.com.br\/servidor\/wp-json\/wp\/v2\/posts"}],"about":[{"href":"https:\/\/blogs.correiobraziliense.com.br\/servidor\/wp-json\/wp\/v2\/types\/post"}],"author":[{"embeddable":true,"href":"https:\/\/blogs.correiobraziliense.com.br\/servidor\/wp-json\/wp\/v2\/users\/27"}],"replies":[{"embeddable":true,"href":"https:\/\/blogs.correiobraziliense.com.br\/servidor\/wp-json\/wp\/v2\/comments?post=12091"}],"version-history":[{"count":1,"href":"https:\/\/blogs.correiobraziliense.com.br\/servidor\/wp-json\/wp\/v2\/posts\/12091\/revisions"}],"predecessor-version":[{"id":12092,"href":"https:\/\/blogs.correiobraziliense.com.br\/servidor\/wp-json\/wp\/v2\/posts\/12091\/revisions\/12092"}],"wp:attachment":[{"href":"https:\/\/blogs.correiobraziliense.com.br\/servidor\/wp-json\/wp\/v2\/media?parent=12091"}],"wp:term":[{"taxonomy":"category","embeddable":true,"href":"https:\/\/blogs.correiobraziliense.com.br\/servidor\/wp-json\/wp\/v2\/categories?post=12091"},{"taxonomy":"post_tag","embeddable":true,"href":"https:\/\/blogs.correiobraziliense.com.br\/servidor\/wp-json\/wp\/v2\/tags?post=12091"}],"curies":[{"name":"wp","href":"https:\/\/api.w.org\/{rel}","templated":true}]}}