{"id":1209,"date":"2016-03-08T18:39:11","date_gmt":"2016-03-08T21:39:11","guid":{"rendered":"https:\/\/blogs.correiobraziliense.com.br\/servidor\/?p=1209"},"modified":"2016-03-08T18:39:11","modified_gmt":"2016-03-08T21:39:11","slug":"afericao-das-centrais-sindicais","status":"publish","type":"post","link":"https:\/\/blogs.correiobraziliense.com.br\/servidor\/afericao-das-centrais-sindicais\/","title":{"rendered":"AFERI\u00c7\u00c3O DAS CENTRAIS SINDICAIS"},"content":{"rendered":"<p><em>Seis das treze centrais do pa\u00eds est\u00e3o dentro do \u00edndice de representatividade exigido pela lei 11.648\/2008.<\/em><\/p>\n<p><strong>MINIST\u00c9RIO DO TRABALHO E PREVID\u00caNCIA SOCIAL<\/strong><\/p>\n<p><strong>SE\u00c7\u00c3O 1<\/strong><\/p>\n<p>Consoante o disposto no art. 4\u00ba e par\u00e1grafos da Lei 11.648, de 31 de mar\u00e7o de 2008 e na Portaria MTE 1.717, de 05 de novembro de 2014, PUBLICO extrato com os dados levantados pelo Grupo de Trabalho institu\u00eddo por meio da Portaria 1.718\/14, abrindo-se prazo para recurso, conforme disposi\u00e7\u00e3o contida no art. 8\u00ba da Instru\u00e7\u00e3o Normativa 02\/2014:<\/p>\n<table border=\"1\" cellspacing=\"0\" cellpadding=\"0\">\n<tbody>\n<tr>\n<td valign=\"top\" width=\"246\">Centrais Sindicais<\/td>\n<td valign=\"top\" width=\"113\">Sindicatos\u00a0n\u00b0<\/td>\n<td valign=\"top\" width=\"57\">%<\/td>\n<td valign=\"top\" width=\"170\">Trabalhadores Filiados n\u00b0<\/td>\n<td valign=\"top\" width=\"48\">%<\/td>\n<\/tr>\n<tr>\n<td valign=\"top\" width=\"246\">CUT &#8211; Central \u00danica dos Trabalhadores<\/td>\n<td valign=\"top\" width=\"113\">2.319<\/td>\n<td valign=\"top\" width=\"57\">21,22<\/td>\n<td valign=\"top\" width=\"170\">3.904.817<\/td>\n<td valign=\"top\" width=\"48\">30,47<\/td>\n<\/tr>\n<tr>\n<td valign=\"top\" width=\"246\">UGT &#8211; Uni\u00e3o Geral dos Trabalhadores<\/td>\n<td valign=\"top\" width=\"113\">1.277<\/td>\n<td valign=\"top\" width=\"57\">11,69<\/td>\n<td valign=\"top\" width=\"170\">1.458.320<\/td>\n<td valign=\"top\" width=\"48\">11,38<\/td>\n<\/tr>\n<tr>\n<td valign=\"top\" width=\"246\">CTB &#8211; Central dos Trabalhadores e Trabalhadoras do Brasil<\/td>\n<td valign=\"top\" width=\"113\">744<\/td>\n<td valign=\"top\" width=\"57\">6,81<\/td>\n<td valign=\"top\" width=\"170\">1 . 2 8 7 . 11 0<\/td>\n<td valign=\"top\" width=\"48\">10,04<\/td>\n<\/tr>\n<tr>\n<td valign=\"top\" width=\"246\">FS &#8211; For\u00e7a Sindical<\/td>\n<td valign=\"top\" width=\"113\">1.615<\/td>\n<td valign=\"top\" width=\"57\">14,78<\/td>\n<td valign=\"top\" width=\"170\">1.279.477<\/td>\n<td valign=\"top\" width=\"48\">9,98<\/td>\n<\/tr>\n<tr>\n<td valign=\"top\" width=\"246\">CSB &#8211; Central dos Sindicatos Brasileiros<\/td>\n<td valign=\"top\" width=\"113\">597<\/td>\n<td valign=\"top\" width=\"57\">5,46<\/td>\n<td valign=\"top\" width=\"170\">1.028.439<\/td>\n<td valign=\"top\" width=\"48\">8,02<\/td>\n<\/tr>\n<tr>\n<td valign=\"top\" width=\"246\">NCST &#8211; Nova Central Sindical de Trabalhadores<\/td>\n<td valign=\"top\" width=\"113\">1.136<\/td>\n<td valign=\"top\" width=\"57\">10,40<\/td>\n<td valign=\"top\" width=\"170\">954.443<\/td>\n<td valign=\"top\" width=\"48\">7,45<\/td>\n<\/tr>\n<tr>\n<td valign=\"top\" width=\"246\">CONLUTAS<\/td>\n<td valign=\"top\" width=\"113\">105<\/td>\n<td valign=\"top\" width=\"57\">0,96<\/td>\n<td valign=\"top\" width=\"170\">286.732<\/td>\n<td valign=\"top\" width=\"48\">2,24<\/td>\n<\/tr>\n<tr>\n<td valign=\"top\" width=\"246\">CGTB &#8211; Central Geral dos Trabalhadores do Brasil<\/td>\n<td valign=\"top\" width=\"113\">217<\/td>\n<td valign=\"top\" width=\"57\">1,99<\/td>\n<td valign=\"top\" width=\"170\">248.207<\/td>\n<td valign=\"top\" width=\"48\">1,94<\/td>\n<\/tr>\n<tr>\n<td valign=\"top\" width=\"246\">CBDT &#8211; Central Brasileira Democr\u00e1tica dos Trabalhadores<\/td>\n<td valign=\"top\" width=\"113\">94<\/td>\n<td valign=\"top\" width=\"57\">0,86<\/td>\n<td valign=\"top\" width=\"170\">85.299<\/td>\n<td valign=\"top\" width=\"48\">0,67<\/td>\n<\/tr>\n<tr>\n<td valign=\"top\" width=\"246\">P\u00daBLICA<\/td>\n<td valign=\"top\" width=\"113\">21<\/td>\n<td valign=\"top\" width=\"57\">0,19<\/td>\n<td valign=\"top\" width=\"170\">16.580<\/td>\n<td valign=\"top\" width=\"48\">0,13<\/td>\n<\/tr>\n<tr>\n<td valign=\"top\" width=\"246\">UST &#8211; Uni\u00e3o Sindical dos Trabalhadores<\/td>\n<td valign=\"top\" width=\"113\">6<\/td>\n<td valign=\"top\" width=\"57\">0,05<\/td>\n<td valign=\"top\" width=\"170\">791<\/td>\n<td valign=\"top\" width=\"48\">0,01<\/td>\n<\/tr>\n<tr>\n<td valign=\"top\" width=\"246\">Central Unificada dos Profissionais Servidores P\u00fablicos do Brasil<\/td>\n<td valign=\"top\" width=\"113\">3<\/td>\n<td valign=\"top\" width=\"57\">0,03<\/td>\n<td valign=\"top\" width=\"170\">875<\/td>\n<td valign=\"top\" width=\"48\">0,01<\/td>\n<\/tr>\n<tr>\n<td valign=\"top\" width=\"246\">INTERSINDICAL<\/td>\n<td valign=\"top\" width=\"113\">1<\/td>\n<td valign=\"top\" width=\"57\">0,01<\/td>\n<td valign=\"top\" width=\"170\">1.739<\/td>\n<td valign=\"top\" width=\"48\">0,01<\/td>\n<\/tr>\n<\/tbody>\n<\/table>\n","protected":false},"excerpt":{"rendered":"<p>Seis das treze centrais do pa\u00eds est\u00e3o dentro do \u00edndice de representatividade exigido pela lei 11.648\/2008. MINIST\u00c9RIO DO TRABALHO E PREVID\u00caNCIA SOCIAL SE\u00c7\u00c3O 1 Consoante o disposto no art. 4\u00ba e par\u00e1grafos da Lei 11.648, de 31 de mar\u00e7o de 2008 e na Portaria MTE 1.717, de 05 de novembro de 2014, PUBLICO extrato com os dados levantados pelo Grupo [&hellip;]<\/p>\n","protected":false},"author":27,"featured_media":0,"comment_status":"open","ping_status":"closed","sticky":false,"template":"","format":"standard","meta":{"footnotes":""},"categories":[1],"tags":[1258,1259,1261,1262,535,1260],"class_list":["post-1209","post","type-post","status-publish","format-standard","hentry","category-sem-categoria","tag-afericao","tag-centrais","tag-indice","tag-ministerio-do-trabalho-e-previdencia-social","tag-representatividade","tag-sindicais"],"_links":{"self":[{"href":"https:\/\/blogs.correiobraziliense.com.br\/servidor\/wp-json\/wp\/v2\/posts\/1209","targetHints":{"allow":["GET"]}}],"collection":[{"href":"https:\/\/blogs.correiobraziliense.com.br\/servidor\/wp-json\/wp\/v2\/posts"}],"about":[{"href":"https:\/\/blogs.correiobraziliense.com.br\/servidor\/wp-json\/wp\/v2\/types\/post"}],"author":[{"embeddable":true,"href":"https:\/\/blogs.correiobraziliense.com.br\/servidor\/wp-json\/wp\/v2\/users\/27"}],"replies":[{"embeddable":true,"href":"https:\/\/blogs.correiobraziliense.com.br\/servidor\/wp-json\/wp\/v2\/comments?post=1209"}],"version-history":[{"count":1,"href":"https:\/\/blogs.correiobraziliense.com.br\/servidor\/wp-json\/wp\/v2\/posts\/1209\/revisions"}],"predecessor-version":[{"id":1210,"href":"https:\/\/blogs.correiobraziliense.com.br\/servidor\/wp-json\/wp\/v2\/posts\/1209\/revisions\/1210"}],"wp:attachment":[{"href":"https:\/\/blogs.correiobraziliense.com.br\/servidor\/wp-json\/wp\/v2\/media?parent=1209"}],"wp:term":[{"taxonomy":"category","embeddable":true,"href":"https:\/\/blogs.correiobraziliense.com.br\/servidor\/wp-json\/wp\/v2\/categories?post=1209"},{"taxonomy":"post_tag","embeddable":true,"href":"https:\/\/blogs.correiobraziliense.com.br\/servidor\/wp-json\/wp\/v2\/tags?post=1209"}],"curies":[{"name":"wp","href":"https:\/\/api.w.org\/{rel}","templated":true}]}}