{"id":12078,"date":"2019-03-04T20:06:25","date_gmt":"2019-03-04T23:06:25","guid":{"rendered":"https:\/\/blogs.correiobraziliense.com.br\/servidor\/?p=12078"},"modified":"2019-03-04T20:18:06","modified_gmt":"2019-03-04T23:18:06","slug":"cntss-governo-fakenews-mente-na-imprensa-sobre-mp-873","status":"publish","type":"post","link":"https:\/\/blogs.correiobraziliense.com.br\/servidor\/cntss-governo-fakenews-mente-na-imprensa-sobre-mp-873\/","title":{"rendered":"CNTSS: &#8220;Governo Fakenews mente na imprensa sobre MP 873&#8221;"},"content":{"rendered":"<p><em>Em nota sobre a MP 783\/2019, com o t\u00edtulo &#8220;Governo Fakenews mente na imprensa sobre MP873&#8221;, a Confedera\u00e7\u00e3o Nacional dos Trabalhadores em Seguridade Social (CNTSS), da Central \u00danica dos Trabalhadores (CUT), alerta sobre a tentativa de confundir a opini\u00e3o p\u00fablica, dando a impress\u00e3o de que o documento trata do imposto sindical \u2014 cobrado anualmente.\u00a0 Na verdade, o texto toca na mensalidade volunt\u00e1ria, paga por decis\u00e3o do filiado. <\/em><\/p>\n<p><em>&#8220;Usar fakenews nas elei\u00e7\u00f5es j\u00e1 foi uma aberra\u00e7\u00e3o para manipular a vontade do eleitor, agora us\u00e1-las para governar n\u00e3o dar\u00e1 certo, pois os governos n\u00e3o s\u00e3o corridas de curta dist\u00e2ncia, mas maratona. O tempo trar\u00e1 a verdade&#8221;, ressalta a confedera\u00e7\u00e3o. A entidade refor\u00e7a, ainda, que a maioria dos sindicatos do setor p\u00fablico nunca recebeu imposto do servidor.<\/em><\/p>\n<p>Veja a nota:<\/p>\n<p>&#8220;A medida provis\u00f3ria n\u00e3o versa sobre contribui\u00e7\u00e3o compuls\u00f3ria, ou seja,o chamado imposto sindical, mas sobre a mensalidade sindical volunt\u00e1ria, aquela que o trabalhador paga mensalmente por vontade pr\u00f3pria por decis\u00e3o de ser filiar ao sindicato.<\/p>\n<p>At\u00e9 mesmo porque a chamado imposto sindical j\u00e1 foi objeto da Reforma Trabalhista de Temer, cujo Relator na C\u00e2mara foi o ent\u00e3o Deputado Federal Rog\u00e9rio Marinho, que hoje \u00e9 o Secret\u00e1rio de Trabalho e Previd\u00eancia do Minist\u00e9rio da Economia.<\/p>\n<p>O Governo tentar criar uma cortina de fuma\u00e7a para tratar do tema, a maioria dos nossos sindicatos do setor p\u00fablico nunca recebeu imposto do servidor.<\/p>\n<p>A nossa \u00fanica fonte de receita sempre foi a mensalidade espont\u00e2nea, mas o governo me parece que resolveu a atender o pedido do Presidente da C\u00e2mara Rodrigo Maia que solicitou que o Presidente Bolsonaro use as suas redes para aprovar a Reforma da Previd\u00eancia, as mesma que o ajudaram eleger.<\/p>\n<p>Usar fakenews nas elei\u00e7\u00f5es j\u00e1 foi uma aberra\u00e7\u00e3o para manipular a vontade do eleitor, agora us\u00e1-las para governar n\u00e3o dar\u00e1 certo, pois os governos n\u00e3o s\u00e3o corridas de curta dist\u00e2ncia, mas maratona, o tempo trar\u00e1 a verdade.<\/p>\n<p>Sandro Alex de Oliveira Cezar<\/p>\n<p>Presidente da Confedera\u00e7\u00e3o Nacional dos Trabalhadores em Seguridade Social da Central \u00danica dos Trabalhadores (CNTSS)&#8221;<\/p>\n","protected":false},"excerpt":{"rendered":"<p>Em nota sobre a MP 783\/2019, com o t\u00edtulo &#8220;Governo Fakenews mente na imprensa sobre MP873&#8221;, a Confedera\u00e7\u00e3o Nacional dos Trabalhadores em Seguridade Social (CNTSS), da Central \u00danica dos Trabalhadores (CUT), alerta sobre a tentativa de confundir a opini\u00e3o p\u00fablica, dando a impress\u00e3o de que o documento trata do imposto sindical \u2014 cobrado anualmente.\u00a0 Na verdade, o texto toca na [&hellip;]<\/p>\n","protected":false},"author":27,"featured_media":0,"comment_status":"open","ping_status":"closed","sticky":false,"template":"","format":"standard","meta":{"footnotes":""},"categories":[2719],"tags":[1062,2021,13726,98,2577,5085,1181,8161,2544,14855,14831,9253,8],"class_list":["post-12078","post","type-post","status-publish","format-standard","hentry","category-servidor","tag-cntss","tag-eleicoes","tag-fakenews","tag-governo","tag-imposto","tag-imposto-sindical","tag-imprensa","tag-manipular","tag-mensalidade","tag-mente","tag-mp-873-2019","tag-reforma-trabalhista","tag-servidor"],"_links":{"self":[{"href":"https:\/\/blogs.correiobraziliense.com.br\/servidor\/wp-json\/wp\/v2\/posts\/12078","targetHints":{"allow":["GET"]}}],"collection":[{"href":"https:\/\/blogs.correiobraziliense.com.br\/servidor\/wp-json\/wp\/v2\/posts"}],"about":[{"href":"https:\/\/blogs.correiobraziliense.com.br\/servidor\/wp-json\/wp\/v2\/types\/post"}],"author":[{"embeddable":true,"href":"https:\/\/blogs.correiobraziliense.com.br\/servidor\/wp-json\/wp\/v2\/users\/27"}],"replies":[{"embeddable":true,"href":"https:\/\/blogs.correiobraziliense.com.br\/servidor\/wp-json\/wp\/v2\/comments?post=12078"}],"version-history":[{"count":3,"href":"https:\/\/blogs.correiobraziliense.com.br\/servidor\/wp-json\/wp\/v2\/posts\/12078\/revisions"}],"predecessor-version":[{"id":12081,"href":"https:\/\/blogs.correiobraziliense.com.br\/servidor\/wp-json\/wp\/v2\/posts\/12078\/revisions\/12081"}],"wp:attachment":[{"href":"https:\/\/blogs.correiobraziliense.com.br\/servidor\/wp-json\/wp\/v2\/media?parent=12078"}],"wp:term":[{"taxonomy":"category","embeddable":true,"href":"https:\/\/blogs.correiobraziliense.com.br\/servidor\/wp-json\/wp\/v2\/categories?post=12078"},{"taxonomy":"post_tag","embeddable":true,"href":"https:\/\/blogs.correiobraziliense.com.br\/servidor\/wp-json\/wp\/v2\/tags?post=12078"}],"curies":[{"name":"wp","href":"https:\/\/api.w.org\/{rel}","templated":true}]}}