{"id":12062,"date":"2019-03-02T14:52:06","date_gmt":"2019-03-02T17:52:06","guid":{"rendered":"https:\/\/blogs.correiobraziliense.com.br\/servidor\/?p=12062"},"modified":"2019-03-02T14:52:06","modified_gmt":"2019-03-02T17:52:06","slug":"forca-sindical-nota-contra-a-mp-873-2019-sobre-a-contribuicao-sindical","status":"publish","type":"post","link":"https:\/\/blogs.correiobraziliense.com.br\/servidor\/forca-sindical-nota-contra-a-mp-873-2019-sobre-a-contribuicao-sindical\/","title":{"rendered":"For\u00e7a Sindical &#8211; Nota contra a MP 873\/2019, sobre a contribui\u00e7\u00e3o sindical"},"content":{"rendered":"<p><em>Al\u00e9m das mudan\u00e7as na CLT, o texto altera a lei 8.112\/90, que disp\u00f5e sobre o regime jur\u00eddico dos servidores p\u00fablicos da Uni\u00e3o, revogando trecho que previa o desconto em folha.A Medida Provis\u00f3ria (MP 873\/19) foi editada, ontem (10\/03), em edi\u00e7\u00e3o extra do Di\u00e1rio Oficial da Uni\u00e3o (DOU). As altera\u00e7\u00f5es refor\u00e7am que a contribui\u00e7\u00e3o sindical deixa de ser obrigat\u00f3ria, regra j\u00e1 prevista na reforma trabalhista. Torna nula a compulsoriedade do recolhimento, mesmo que referendada em negocia\u00e7\u00e3o coletiva ou assembleia geral.\u00a0 E a contribui\u00e7\u00e3o dos empregados que \u201cpr\u00e9via e expressamente\u201d autorizarem o desconto, ser\u00e1 feita exclusivamente por boleto banc\u00e1rio e n\u00e3o mais por desconto em folha <\/em><\/p>\n<p>Veja a nota da For\u00e7a Sindical:<\/p>\n<p>&#8220;N\u00e3o ao AI-5 Sindical<\/p>\n<p>A For\u00e7a Sindical, vem a p\u00fablico e perante seus representados manifestar rep\u00fadio \u00e0 edi\u00e7\u00e3o da Medida Provis\u00f3ria n\u00ba 873, de 1\u00b0 de mar\u00e7o de 2019, que alterou regras sobre a contribui\u00e7\u00e3o sindical.<br \/>\nInicialmente \u00e9 preciso salientar acerca das irregularidades quanto ao aspecto formal da medida, que por imperativo legal, necessita que a mat\u00e9ria a ser tratada seja de relev\u00e2ncia e urg\u00eancia, o que obviamente n\u00e3o \u00e9 o caso. Assim n\u00e3o foram preenchidos requisitos essenciais para a tramita\u00e7\u00e3o da MP.<\/p>\n<p>Tamb\u00e9m \u00e9 flagrante a inconstitucionalidade da mat\u00e9ria tratada na MP, eis que fere o princ\u00edpio da liberdade sindical prevista no art. 8\u00b0 da CF, ao promover interfer\u00eancia estatal na organiza\u00e7\u00e3o sindical brasileira. Verdadeira pr\u00e1tica antissindical patrocinada pelo Estado.<\/p>\n<p>Ressaltamos que a MP confronta a orienta\u00e7\u00e3o da OIT (Organiza\u00e7\u00e3o Internacional do Trabalho) que garante liberdade de atua\u00e7\u00e3o sindical e livre negocia\u00e7\u00e3o.<\/p>\n<p>Diante de tais ilicitudes, a nossa entidade est\u00e1, em car\u00e1ter de urg\u00eancia, estudando as medidas e estrat\u00e9gias jur\u00eddicas a serem adotadas perante o STF, inclusive.<\/p>\n<p>\u00c9 importante lembrar que desde o in\u00edcio deste governo, a For\u00e7a Sindical buscou o di\u00e1logo democr\u00e1tico e a negocia\u00e7\u00e3o, mas, infelizmente, na calada da noite o governo edita est\u00e1 nefasta MP demonstrando autoritarismo, despreparo e indisposi\u00e7\u00e3o para o di\u00e1logo.<\/p>\n<p>Esse debate ser\u00e1 encaminhado ao Congresso Nacional e n\u00f3s confiamos que os deputados e senadores eleitos pelo povo garantam a manuten\u00e7\u00e3o da democracia, do respeito \u00e0s negocia\u00e7\u00f5es coletivas e \u00e0 Constitui\u00e7\u00e3o brasileira.<\/p>\n<p>S\u00e3o Paulo, 2 mar\u00e7o de 2019.<br \/>\nMiguel Torres<br \/>\nPresidente da For\u00e7a Sindical&#8221;<\/p>\n","protected":false},"excerpt":{"rendered":"<p>Al\u00e9m das mudan\u00e7as na CLT, o texto altera a lei 8.112\/90, que disp\u00f5e sobre o regime jur\u00eddico dos servidores p\u00fablicos da Uni\u00e3o, revogando trecho que previa o desconto em folha.A Medida Provis\u00f3ria (MP 873\/19) foi editada, ontem (10\/03), em edi\u00e7\u00e3o extra do Di\u00e1rio Oficial da Uni\u00e3o (DOU). As altera\u00e7\u00f5es refor\u00e7am que a contribui\u00e7\u00e3o sindical deixa de ser obrigat\u00f3ria, regra j\u00e1 [&hellip;]<\/p>\n","protected":false},"author":27,"featured_media":0,"comment_status":"open","ping_status":"closed","sticky":false,"template":"","format":"standard","meta":{"footnotes":""},"categories":[2719],"tags":[1321,12765,4141,14834,2272,14833,2584,5914,3690,1769,891,4236,870,353,14832,14831,376,10047,6147,2068,139,9253,361,9340,34],"class_list":["post-12062","post","type-post","status-publish","format-standard","hentry","category-servidor","tag-alteracoes","tag-assembleia-geral","tag-bancario","tag-boleto","tag-clt","tag-compulsoriedade","tag-constituicao","tag-contribuicao-sindical","tag-desconto","tag-dou","tag-empregados","tag-folha-de-pagamento","tag-forca-sindical","tag-irregularidades","tag-lei-8-112-90","tag-mp-873-2019","tag-mudancas","tag-negociacao-coletiva","tag-obrigatoria","tag-oit","tag-recolhimento","tag-reforma-trabalhista","tag-regra","tag-rju","tag-stf"],"_links":{"self":[{"href":"https:\/\/blogs.correiobraziliense.com.br\/servidor\/wp-json\/wp\/v2\/posts\/12062","targetHints":{"allow":["GET"]}}],"collection":[{"href":"https:\/\/blogs.correiobraziliense.com.br\/servidor\/wp-json\/wp\/v2\/posts"}],"about":[{"href":"https:\/\/blogs.correiobraziliense.com.br\/servidor\/wp-json\/wp\/v2\/types\/post"}],"author":[{"embeddable":true,"href":"https:\/\/blogs.correiobraziliense.com.br\/servidor\/wp-json\/wp\/v2\/users\/27"}],"replies":[{"embeddable":true,"href":"https:\/\/blogs.correiobraziliense.com.br\/servidor\/wp-json\/wp\/v2\/comments?post=12062"}],"version-history":[{"count":1,"href":"https:\/\/blogs.correiobraziliense.com.br\/servidor\/wp-json\/wp\/v2\/posts\/12062\/revisions"}],"predecessor-version":[{"id":12063,"href":"https:\/\/blogs.correiobraziliense.com.br\/servidor\/wp-json\/wp\/v2\/posts\/12062\/revisions\/12063"}],"wp:attachment":[{"href":"https:\/\/blogs.correiobraziliense.com.br\/servidor\/wp-json\/wp\/v2\/media?parent=12062"}],"wp:term":[{"taxonomy":"category","embeddable":true,"href":"https:\/\/blogs.correiobraziliense.com.br\/servidor\/wp-json\/wp\/v2\/categories?post=12062"},{"taxonomy":"post_tag","embeddable":true,"href":"https:\/\/blogs.correiobraziliense.com.br\/servidor\/wp-json\/wp\/v2\/tags?post=12062"}],"curies":[{"name":"wp","href":"https:\/\/api.w.org\/{rel}","templated":true}]}}