{"id":12054,"date":"2019-02-28T13:55:49","date_gmt":"2019-02-28T16:55:49","guid":{"rendered":"https:\/\/blogs.correiobraziliense.com.br\/servidor\/?p=12054"},"modified":"2019-02-28T13:55:49","modified_gmt":"2019-02-28T16:55:49","slug":"autonomia-transparencia-e-compromisso-uma-nova-receita-para-um-novo-brasil","status":"publish","type":"post","link":"https:\/\/blogs.correiobraziliense.com.br\/servidor\/autonomia-transparencia-e-compromisso-uma-nova-receita-para-um-novo-brasil\/","title":{"rendered":"Autonomia, transpar\u00eancia e compromisso: Uma nova Receita para um novo Brasil"},"content":{"rendered":"<p><em>&#8220;A Receita Federal s\u00f3 cumprir\u00e1 plenamente sua miss\u00e3o de respeitar o cidad\u00e3o e servir \u00e0 sociedade se estiver preservada de influ\u00eancias corporativas e pol\u00edticas&#8221;<\/em><\/p>\n<p><strong><em>Geraldo Seixas*<\/em><\/strong><\/p>\n<p>A Receita Federal tem por miss\u00e3o \u201cexercer a administra\u00e7\u00e3o tribut\u00e1ria e aduaneira com justi\u00e7a fiscal e respeito ao cidad\u00e3o, em benef\u00edcio da sociedade\u201d.<\/p>\n<p>H\u00e1 bastante tempo, a Receita Federal se afastou da efetiva discuss\u00e3o sobre pol\u00edtica tribut\u00e1ria. E a pol\u00edtica tribut\u00e1ria \u00e9 a indutora da justi\u00e7a fiscal. Nesse sentido, a chegada do economista e professor Marcos Cintra para comandar a institui\u00e7\u00e3o foi muito bem vinda. A soma do conhecimento t\u00e9cnico do corpo funcional da Receita Federal com a experi\u00eancia pol\u00edtica e acad\u00eamica de seu novo gestor pode e deve servir como base da constru\u00e7\u00e3o de uma reforma tribut\u00e1ria justa, fact\u00edvel e segura que permita ao Brasil o crescimento econ\u00f4mico sustent\u00e1vel com distribui\u00e7\u00e3o de renda, incentivo \u00e0 atividade econ\u00f4mica e equil\u00edbrio fiscal.<\/p>\n<p>Mas t\u00e3o importante quanto a retomada da pol\u00edtica tribut\u00e1ria \u00e9 a estabilidade da administra\u00e7\u00e3o tribut\u00e1ria e aduaneira.<\/p>\n<p>A Receita Federal \u00e9 um centro de excel\u00eancia e inova\u00e7\u00e3o no servi\u00e7o p\u00fablico, reconhecido em \u00e2mbito mundial. Ao se valorizar a forma\u00e7\u00e3o t\u00e9cnica e gerencial do fisco federal, o secret\u00e1rio especial da Receita garante que iniciativas importantes de racionaliza\u00e7\u00e3o e desburocratiza\u00e7\u00e3o possam prosseguir e prosperar. S\u00e3o medidas que em seu conjunto produzir\u00e3o uma grande transforma\u00e7\u00e3o da administra\u00e7\u00e3o tribut\u00e1ria e aduaneira tornando-a mais \u00e1gil no atendimento ao cidad\u00e3o, mais eficiente na gest\u00e3o de seus recursos e mais voltada ao cumprimento volunt\u00e1rio das obriga\u00e7\u00f5es tribut\u00e1rias do que \u00e0 imposi\u00e7\u00e3o fiscal.<\/p>\n<p>Contudo, a Receita Federal s\u00f3 cumprir\u00e1 plenamente sua miss\u00e3o de respeitar o cidad\u00e3o e servir \u00e0 sociedade se estiver preservada de influ\u00eancias corporativas e pol\u00edticas.<\/p>\n<p>N\u00e3o s\u00e3o poucos os desafios de uma organiza\u00e7\u00e3o complexa e sens\u00edvel como o fisco federal. O esfor\u00e7o de constru\u00e7\u00e3o exige tempo, conhecimento, dedica\u00e7\u00e3o e cuidado. Aprimorar os m\u00e9todos de trabalho, desenvolver ferramentas tecnol\u00f3gicas para a efici\u00eancia e produtividade, controlar abusos e desvios, garantir os recursos necess\u00e1rios \u00e0 manuten\u00e7\u00e3o do Estado numa circunst\u00e2ncia de aguda transforma\u00e7\u00e3o social e econ\u00f4mica s\u00e3o tarefas que dependem de a\u00e7\u00f5es concatenadas e continuadas de gest\u00e3o, de crit\u00e9rios transparentes e objetivos para preenchimentos dos cargos de chefia e, sobretudo, de um pacto de confian\u00e7a entre gestores e servidores.<\/p>\n<p>N\u00f3s, Analistas-Tribut\u00e1rios da Receita Federal do Brasil, somos parte ativa desse esfor\u00e7o de constru\u00e7\u00e3o de uma nova administra\u00e7\u00e3o tribut\u00e1ria e aduaneira, que sirva verdadeiramente ao Brasil e que trate todos com o mesmo respeito e o mesmo rigor. Portanto, n\u00e3o podemos admitir qualquer interfer\u00eancia que fira os princ\u00edpios de lisura, transpar\u00eancia e compet\u00eancia que norteiam esta pactua\u00e7\u00e3o. A Receita Federal precisa seguir seu caminho com autonomia e estabilidade, para o bem da na\u00e7\u00e3o.<\/p>\n<p><em>* Geraldo Seixas<\/em> &#8211; presidente do Sindicato Nacional dos Analistas-Tribut\u00e1rios da Receita Federal do Brasil (Sindireceita)<\/p>\n","protected":false},"excerpt":{"rendered":"<p>&#8220;A Receita Federal s\u00f3 cumprir\u00e1 plenamente sua miss\u00e3o de respeitar o cidad\u00e3o e servir \u00e0 sociedade se estiver preservada de influ\u00eancias corporativas e pol\u00edticas&#8221; Geraldo Seixas* A Receita Federal tem por miss\u00e3o \u201cexercer a administra\u00e7\u00e3o tribut\u00e1ria e aduaneira com justi\u00e7a fiscal e respeito ao cidad\u00e3o, em benef\u00edcio da sociedade\u201d. H\u00e1 bastante tempo, a Receita Federal se afastou da efetiva discuss\u00e3o [&hellip;]<\/p>\n","protected":false},"author":27,"featured_media":0,"comment_status":"open","ping_status":"closed","sticky":false,"template":"","format":"standard","meta":{"footnotes":""},"categories":[2719],"tags":[6754,1308,1316,881,356,124,247,14040,294,351,168],"class_list":["post-12054","post","type-post","status-publish","format-standard","hentry","category-servidor","tag-administracao-tributaria","tag-autonomia","tag-cidadao","tag-compromisso","tag-contribuinte","tag-federal","tag-fisco","tag-justica-fiscal","tag-receita-federal","tag-sociedade","tag-transparencia"],"_links":{"self":[{"href":"https:\/\/blogs.correiobraziliense.com.br\/servidor\/wp-json\/wp\/v2\/posts\/12054","targetHints":{"allow":["GET"]}}],"collection":[{"href":"https:\/\/blogs.correiobraziliense.com.br\/servidor\/wp-json\/wp\/v2\/posts"}],"about":[{"href":"https:\/\/blogs.correiobraziliense.com.br\/servidor\/wp-json\/wp\/v2\/types\/post"}],"author":[{"embeddable":true,"href":"https:\/\/blogs.correiobraziliense.com.br\/servidor\/wp-json\/wp\/v2\/users\/27"}],"replies":[{"embeddable":true,"href":"https:\/\/blogs.correiobraziliense.com.br\/servidor\/wp-json\/wp\/v2\/comments?post=12054"}],"version-history":[{"count":1,"href":"https:\/\/blogs.correiobraziliense.com.br\/servidor\/wp-json\/wp\/v2\/posts\/12054\/revisions"}],"predecessor-version":[{"id":12055,"href":"https:\/\/blogs.correiobraziliense.com.br\/servidor\/wp-json\/wp\/v2\/posts\/12054\/revisions\/12055"}],"wp:attachment":[{"href":"https:\/\/blogs.correiobraziliense.com.br\/servidor\/wp-json\/wp\/v2\/media?parent=12054"}],"wp:term":[{"taxonomy":"category","embeddable":true,"href":"https:\/\/blogs.correiobraziliense.com.br\/servidor\/wp-json\/wp\/v2\/categories?post=12054"},{"taxonomy":"post_tag","embeddable":true,"href":"https:\/\/blogs.correiobraziliense.com.br\/servidor\/wp-json\/wp\/v2\/tags?post=12054"}],"curies":[{"name":"wp","href":"https:\/\/api.w.org\/{rel}","templated":true}]}}