{"id":12052,"date":"2019-02-27T20:06:37","date_gmt":"2019-02-27T23:06:37","guid":{"rendered":"https:\/\/blogs.correiobraziliense.com.br\/servidor\/?p=12052"},"modified":"2019-02-27T20:06:37","modified_gmt":"2019-02-27T23:06:37","slug":"geap-inicia-reestruturacao-de-modelo-de-governanca-e-gestao","status":"publish","type":"post","link":"https:\/\/blogs.correiobraziliense.com.br\/servidor\/geap-inicia-reestruturacao-de-modelo-de-governanca-e-gestao\/","title":{"rendered":"Geap inicia reestrutura\u00e7\u00e3o de modelo de governan\u00e7a e gest\u00e3o"},"content":{"rendered":"<p><em>A Geap Autogest\u00e3o em Sa\u00fade, maior operadora de planos de sa\u00fade do funcionalismo, informa que deu in\u00edcio ao processo de reestrutura\u00e7\u00e3o do modelo de governan\u00e7a e gest\u00e3o por meio da Resolu\u00e7\u00e3o 353\/2019, emitida no \u00faltimo dia 22 de fevereiro, pelo Conselho de Administra\u00e7\u00e3o (Conad). O novo modelo est\u00e1 sendo implantado e capitaneado pelo diretor-executivo interino, Renato Alves Cunha<\/em><\/p>\n<p>A Resolu\u00e7\u00e3o Geap\/Conad 353\/2019 define as diretrizes do processo de reestrutura\u00e7\u00e3o, com \u00eanfase nos controles internos e gest\u00e3o de riscos e tamb\u00e9m na implanta\u00e7\u00e3o de um programa de conformidade e integridade da gest\u00e3o. Al\u00e9m disso, o documento prop\u00f5e medidas extraordin\u00e1rias de conten\u00e7\u00e3o de gastos administrativos e assistenciais, afirma a operadora.<\/p>\n<p>&#8220;A elabora\u00e7\u00e3o do documento tamb\u00e9m recebeu contribui\u00e7\u00f5es do novo diretor de administra\u00e7\u00e3o, Jo\u00e3o Batista da Silva, que prop\u00f4s aprimoramentos nos procedimentos, com a implanta\u00e7\u00e3o imediata de um portal de compras e contratos&#8221;, destaca a nota da Geap.<\/p>\n<p>\u201cA resolu\u00e7\u00e3o do Conad consolida e nos d\u00e1 as diretrizes para a efetiva implanta\u00e7\u00e3o do nosso modelo de governan\u00e7a e gest\u00e3o. Ela garantir\u00e1, por definitivo, o equil\u00edbrio financeiro e a sustentabilidade. J\u00e1 estamos trabalhando\u201d, declarou o diretor-executivo interino, Renato Alves Cunha.<\/p>\n","protected":false},"excerpt":{"rendered":"<p>A Geap Autogest\u00e3o em Sa\u00fade, maior operadora de planos de sa\u00fade do funcionalismo, informa que deu in\u00edcio ao processo de reestrutura\u00e7\u00e3o do modelo de governan\u00e7a e gest\u00e3o por meio da Resolu\u00e7\u00e3o 353\/2019, emitida no \u00faltimo dia 22 de fevereiro, pelo Conselho de Administra\u00e7\u00e3o (Conad). O novo modelo est\u00e1 sendo implantado e capitaneado pelo diretor-executivo interino, Renato Alves Cunha A Resolu\u00e7\u00e3o [&hellip;]<\/p>\n","protected":false},"author":27,"featured_media":0,"comment_status":"open","ping_status":"closed","sticky":false,"template":"","format":"standard","meta":{"footnotes":""},"categories":[2719],"tags":[1164,76,315,566,565,2317,1376,14823],"class_list":["post-12052","post","type-post","status-publish","format-standard","hentry","category-servidor","tag-funcionalismo","tag-geap","tag-gestao","tag-governanca","tag-modelo","tag-plano-de-saude","tag-reestruturacao","tag-resolucao-353-2019"],"_links":{"self":[{"href":"https:\/\/blogs.correiobraziliense.com.br\/servidor\/wp-json\/wp\/v2\/posts\/12052","targetHints":{"allow":["GET"]}}],"collection":[{"href":"https:\/\/blogs.correiobraziliense.com.br\/servidor\/wp-json\/wp\/v2\/posts"}],"about":[{"href":"https:\/\/blogs.correiobraziliense.com.br\/servidor\/wp-json\/wp\/v2\/types\/post"}],"author":[{"embeddable":true,"href":"https:\/\/blogs.correiobraziliense.com.br\/servidor\/wp-json\/wp\/v2\/users\/27"}],"replies":[{"embeddable":true,"href":"https:\/\/blogs.correiobraziliense.com.br\/servidor\/wp-json\/wp\/v2\/comments?post=12052"}],"version-history":[{"count":1,"href":"https:\/\/blogs.correiobraziliense.com.br\/servidor\/wp-json\/wp\/v2\/posts\/12052\/revisions"}],"predecessor-version":[{"id":12053,"href":"https:\/\/blogs.correiobraziliense.com.br\/servidor\/wp-json\/wp\/v2\/posts\/12052\/revisions\/12053"}],"wp:attachment":[{"href":"https:\/\/blogs.correiobraziliense.com.br\/servidor\/wp-json\/wp\/v2\/media?parent=12052"}],"wp:term":[{"taxonomy":"category","embeddable":true,"href":"https:\/\/blogs.correiobraziliense.com.br\/servidor\/wp-json\/wp\/v2\/categories?post=12052"},{"taxonomy":"post_tag","embeddable":true,"href":"https:\/\/blogs.correiobraziliense.com.br\/servidor\/wp-json\/wp\/v2\/tags?post=12052"}],"curies":[{"name":"wp","href":"https:\/\/api.w.org\/{rel}","templated":true}]}}