{"id":12050,"date":"2019-02-27T20:01:37","date_gmt":"2019-02-27T23:01:37","guid":{"rendered":"https:\/\/blogs.correiobraziliense.com.br\/servidor\/?p=12050"},"modified":"2019-02-27T20:01:37","modified_gmt":"2019-02-27T23:01:37","slug":"febraban-nota-sobre-cheque-especial","status":"publish","type":"post","link":"https:\/\/blogs.correiobraziliense.com.br\/servidor\/febraban-nota-sobre-cheque-especial\/","title":{"rendered":"Febraban &#8211; Nota sobre cheque especial"},"content":{"rendered":"<p><em>O comunicado ocorre ap\u00f3s not\u00edcias de que os juros do cheque especial chegaram a 315% ao m\u00eas, em janeiro. De acordo com a Federa\u00e7\u00e3o Brasileira de Bancos (Febraban), &#8220;em janeiro de 2018, a taxa m\u00e9dia de juros do cheque especial foi de 12,62% ao m\u00eas, 0,2 ponto percentual menor do que a registrada em janeiro do ano passado, m\u00eas com a mesma sazonalidade&#8221;<\/em><\/p>\n<p>Veja a nota:<\/p>\n<p>&#8220;Em janeiro, 1,07 milh\u00e3o de clientes migrou do cheque especial rotativo para o empr\u00e9stimo parcelado, a juros mais baixos. O volume de clientes que migrou para essa linha de cr\u00e9dito a menor custo equivale a um aumento de 32% na compara\u00e7\u00e3o com o m\u00eas anterior, segundo levantamento feito pela FEBRABAN com 12 bancos, que representam cerca de 90% \u00a0do mercado brasileiro deste produto. Desde julho, quando entraram em vigor as novas regras de autorregula\u00e7\u00e3o da Federa\u00e7\u00e3o para o assunto, 6,2 milh\u00f5es de pessoas j\u00e1 optaram pela mudan\u00e7a de linha de cr\u00e9dito, reduzindo o custo do cr\u00e9dito obtido nos bancos.<\/p>\n<p>A taxa de juros m\u00e9dia dos empr\u00e9stimos parcelados fecharam janeiro no patamar de 3,4% a.m., queda de 0,1 pp em rela\u00e7\u00e3o a dezembro de 2018, e muito mais baixos do que as taxas cobradas no cheque especial no mesmo per\u00edodo. Em janeiro, a taxa m\u00e9dia de juros do cheque especial foi de 12,62% a.m., 0,2 pp menor do que a registrada em janeiro do ano passado, m\u00eas com a mesma sazonalidade.<\/p>\n<p>As taxas de juros m\u00e9dias cobradas em empr\u00e9stimos para pessoas f\u00edsicas com recursos livres (em que os bancos n\u00e3o s\u00e3o obrigados a dar destina\u00e7\u00e3o espec\u00edfica para os recursos captados nem tem limita\u00e7\u00e3o de spread) ca\u00edram, em m\u00e9dia, 23 p.p. no per\u00edodo de outubro de 2016 (quando come\u00e7ou o recente ciclo de queda da taxa Selic) a janeiro de 2019. Nesse mesmo per\u00edodo, a Selic recuou 7,75 p.p..<\/p>\n<p>Nos empr\u00e9stimos a pessoas jur\u00eddicas, o corte ficou em 10,02 p.p. no mesmo per\u00edodo, tamb\u00e9m nas opera\u00e7\u00f5es com recursos livres. A taxa de juros m\u00e9dia registrada nessas opera\u00e7\u00f5es era de 30,2%, em outubro\/2016, recuando para 20,2%, em janeiro\/2019.&#8221;<\/p>\n","protected":false},"excerpt":{"rendered":"<p>O comunicado ocorre ap\u00f3s not\u00edcias de que os juros do cheque especial chegaram a 315% ao m\u00eas, em janeiro. De acordo com a Federa\u00e7\u00e3o Brasileira de Bancos (Febraban), &#8220;em janeiro de 2018, a taxa m\u00e9dia de juros do cheque especial foi de 12,62% ao m\u00eas, 0,2 ponto percentual menor do que a registrada em janeiro do ano passado, m\u00eas com [&hellip;]<\/p>\n","protected":false},"author":27,"featured_media":0,"comment_status":"open","ping_status":"closed","sticky":false,"template":"","format":"standard","meta":{"footnotes":""},"categories":[2719],"tags":[744,3830,1767,2116,14821,1445,1102,2552,489,297,14820,14822,3025],"class_list":["post-12050","post","type-post","status-publish","format-standard","hentry","category-servidor","tag-bancos","tag-cheque-especial","tag-credito","tag-custo","tag-emprestimo-parcelado","tag-febraban","tag-juros","tag-levantamento","tag-mercado","tag-percentual","tag-rotativo","tag-sazonalidade","tag-taxas"],"_links":{"self":[{"href":"https:\/\/blogs.correiobraziliense.com.br\/servidor\/wp-json\/wp\/v2\/posts\/12050","targetHints":{"allow":["GET"]}}],"collection":[{"href":"https:\/\/blogs.correiobraziliense.com.br\/servidor\/wp-json\/wp\/v2\/posts"}],"about":[{"href":"https:\/\/blogs.correiobraziliense.com.br\/servidor\/wp-json\/wp\/v2\/types\/post"}],"author":[{"embeddable":true,"href":"https:\/\/blogs.correiobraziliense.com.br\/servidor\/wp-json\/wp\/v2\/users\/27"}],"replies":[{"embeddable":true,"href":"https:\/\/blogs.correiobraziliense.com.br\/servidor\/wp-json\/wp\/v2\/comments?post=12050"}],"version-history":[{"count":1,"href":"https:\/\/blogs.correiobraziliense.com.br\/servidor\/wp-json\/wp\/v2\/posts\/12050\/revisions"}],"predecessor-version":[{"id":12051,"href":"https:\/\/blogs.correiobraziliense.com.br\/servidor\/wp-json\/wp\/v2\/posts\/12050\/revisions\/12051"}],"wp:attachment":[{"href":"https:\/\/blogs.correiobraziliense.com.br\/servidor\/wp-json\/wp\/v2\/media?parent=12050"}],"wp:term":[{"taxonomy":"category","embeddable":true,"href":"https:\/\/blogs.correiobraziliense.com.br\/servidor\/wp-json\/wp\/v2\/categories?post=12050"},{"taxonomy":"post_tag","embeddable":true,"href":"https:\/\/blogs.correiobraziliense.com.br\/servidor\/wp-json\/wp\/v2\/tags?post=12050"}],"curies":[{"name":"wp","href":"https:\/\/api.w.org\/{rel}","templated":true}]}}