{"id":12035,"date":"2019-02-26T18:56:13","date_gmt":"2019-02-26T21:56:13","guid":{"rendered":"https:\/\/blogs.correiobraziliense.com.br\/servidor\/?p=12035"},"modified":"2019-02-26T18:56:13","modified_gmt":"2019-02-26T21:56:13","slug":"receita-federal-comunicacao","status":"publish","type":"post","link":"https:\/\/blogs.correiobraziliense.com.br\/servidor\/receita-federal-comunicacao\/","title":{"rendered":"Receita Federal &#8211; Comunica\u00e7\u00e3o"},"content":{"rendered":"<div align=\"center\">&#8220;Nota \u00e0 imprensa<\/div>\n<div>Diante das recentes publica\u00e7\u00f5es na imprensa envolvendo o vazamento de nomes de contribuintes sob procedimento de an\u00e1lise fiscal ou an\u00e1lise preliminar, a Receita Federal solicitou nesta ter\u00e7a-feira ao Minist\u00e9rio da Justi\u00e7a e Seguran\u00e7a P\u00fablica, abertura de inqu\u00e9rito policial para investigar se houve crime de viola\u00e7\u00e3o de sigilo funcional (art. 325 do C\u00f3digo Penal). O requerimento pede o indiciamento dos agentes p\u00fablicos ou privados envolvidos na divulga\u00e7\u00e3o de informa\u00e7\u00f5es protegidas por sigilo. A Receita Federal tamb\u00e9m presta os seguintes esclarecimentos.<\/p>\n<p>1. \u00a0 \u00a0 \u00a0 \u00a0Todos os procedimentos de investiga\u00e7\u00e3o e an\u00e1lise de contribuintes pela Fiscaliza\u00e7\u00e3o t\u00eam motiva\u00e7\u00e3o t\u00e9cnica e impessoal e destinam-se a verificar a exist\u00eancia ou n\u00e3o de ind\u00edcios de inconformidade tribut\u00e1ria.<\/p>\n<p>2. \u00a0 \u00a0 \u00a0 \u00a0 Para cumprir sua Miss\u00e3o Institucional, a RFB efetua cruzamento de informa\u00e7\u00f5es de diversas fontes, com base em crit\u00e9rios objetivos, em rela\u00e7\u00e3o a todos os contribuintes. Os contribuintes que resultam desses cruzamentos iniciais s\u00e3o analisados individualmente por Auditores-Fiscais respons\u00e1veis pela atividade de programa\u00e7\u00e3o da Fiscaliza\u00e7\u00e3o. Dessa an\u00e1lise, poder\u00e1 ou n\u00e3o resultar na abertura de um procedimento de fiscaliza\u00e7\u00e3o, que \u00e9 executado por Auditor-Fiscal lotado em \u00e1rea diversa daquela respons\u00e1vel pela programa\u00e7\u00e3o. O procedimento de fiscaliza\u00e7\u00e3o tem in\u00edcio pela intima\u00e7\u00e3o do contribuinte. Assim, sem a competente intima\u00e7\u00e3o, n\u00e3o h\u00e1 fiscaliza\u00e7\u00e3o em curso.<\/p>\n<p>3. \u00a0 \u00a0 \u00a0 \u00a0 Importante ressaltar que nenhum Auditor-Fiscal pode instaurar a abertura de um procedimento de fiscaliza\u00e7\u00e3o sem pr\u00e9via motiva\u00e7\u00e3o, cuja responsabilidade \u00e9 de terceiro Auditor-Fiscal, lotado em \u00e1rea diversa daquela respons\u00e1vel pela execu\u00e7\u00e3o da fiscaliza\u00e7\u00e3o, de tal forma que h\u00e1 segrega\u00e7\u00e3o de fun\u00e7\u00f5es e garantia de que todos os procedimentos cumprem o mandamento constitucional da impessoalidade.<\/p>\n<p>4. \u00a0 \u00a0 \u00a0 \u00a0 A partir de 2018, a Fiscaliza\u00e7\u00e3o da RFB aperfei\u00e7oou metodologia e crit\u00e9rios destinados a identificar infra\u00e7\u00f5es tribut\u00e1rias praticadas por pessoas politicamente expostas (PPE). Aquele trabalho resultou em 134 casos que demonstraram a necessidade de an\u00e1lises adicionais.<\/p>\n<p>5. \u00a0 \u00a0 \u00a0 \u00a0Tratava-se de cruzamento preliminar sendo que nem todas as situa\u00e7\u00f5es poderiam resultar na abertura de procedimento de fiscaliza\u00e7\u00e3o, como visto no quadro abaixo:<\/p>\n<table width=\"630\">\n<tbody>\n<tr>\n<td bgcolor=\"white\" width=\"66\">\n<div>Total<\/div>\n<\/td>\n<td bgcolor=\"white\" width=\"149\">\n<div>Descartados por Inexist\u00eancia de Ind\u00edcio<\/div>\n<\/td>\n<td bgcolor=\"white\" width=\"129\">\n<div>Sob An\u00e1lise para Programa\u00e7\u00e3o<\/div>\n<\/td>\n<td bgcolor=\"white\" width=\"139\">\n<div>Programados para Fiscaliza\u00e7\u00e3o<\/div>\n<\/td>\n<td bgcolor=\"white\" width=\"139\">\n<div>Em Procedimento de Fiscaliza\u00e7\u00e3o<\/div>\n<\/td>\n<\/tr>\n<tr>\n<td bgcolor=\"white\" width=\"66\">\n<div>134<\/div>\n<\/td>\n<td bgcolor=\"white\" width=\"149\">\n<div>79<\/div>\n<\/td>\n<td bgcolor=\"white\" width=\"129\">\n<div>26<\/div>\n<\/td>\n<td bgcolor=\"white\" width=\"139\">\n<div>17<\/div>\n<\/td>\n<td bgcolor=\"white\" width=\"139\">\n<div>20<\/div>\n<\/td>\n<\/tr>\n<\/tbody>\n<\/table>\n<p>6. \u00a0 \u00a0 \u00a0 \u00a0 Especificamente em rela\u00e7\u00e3o aos casos divulgados na imprensa envolvendo as pessoas f\u00edsicas ligadas ao STF e STJ, as an\u00e1lises preliminares vazadas n\u00e3o haviam sido objeto de valida\u00e7\u00e3o, pr\u00e9-condi\u00e7\u00e3o para abertura de um procedimento de fiscaliza\u00e7\u00e3o. Os referidos casos foram objeto de an\u00e1lise t\u00e9cnica e impessoal e a conclus\u00e3o dos Auditores-Fiscais \u00e9 de que os ind\u00edcios originalmente apontados n\u00e3o se confirmaram, raz\u00e3o pela qual os procedimentos de fiscaliza\u00e7\u00e3o n\u00e3o foram instaurados.<\/p>\n<p>7. \u00a0 \u00a0 \u00a0 \u00a0 Al\u00e9m disso, cumpre registrar que t\u00e3o logo os vazamentos criminosos foram divulgados, a Secretaria Especial da Receita Federal do Brasil determinou a abertura de procedimento administrativo pela Corregedoria da Receita Federal para apura\u00e7\u00e3o de responsabilidade funcional.<\/p>\n<div align=\"center\">SECRETARIA ESPECIAL DA RECEITA FEDERAL DO BRASIL&#8221;<\/div>\n<\/div>\n","protected":false},"excerpt":{"rendered":"<p>&#8220;Nota \u00e0 imprensa Diante das recentes publica\u00e7\u00f5es na imprensa envolvendo o vazamento de nomes de contribuintes sob procedimento de an\u00e1lise fiscal ou an\u00e1lise preliminar, a Receita Federal solicitou nesta ter\u00e7a-feira ao Minist\u00e9rio da Justi\u00e7a e Seguran\u00e7a P\u00fablica, abertura de inqu\u00e9rito policial para investigar se houve crime de viola\u00e7\u00e3o de sigilo funcional (art. 325 do C\u00f3digo Penal). O requerimento pede o [&hellip;]<\/p>\n","protected":false},"author":27,"featured_media":0,"comment_status":"open","ping_status":"closed","sticky":false,"template":"","format":"standard","meta":{"footnotes":""},"categories":[2719],"tags":[229,14810,515,3416,998,4838,940,10264,3773,4010,1973,1435,6760,5888,2191,927,24,294,58,14811,34,1040,6480,7385],"class_list":["post-12035","post","type-post","status-publish","format-standard","hentry","category-servidor","tag-agentes","tag-analise-fiscal","tag-contribuintes","tag-crime","tag-criterios","tag-cruzamento","tag-fiscalizacao","tag-indiciamento","tag-infracoes","tag-metodologia","tag-ministerio-da-justica","tag-nomes","tag-pessoas-politicamente-expostas","tag-ppe","tag-privados","tag-procedimentos","tag-publicos","tag-receita-federal","tag-servidores","tag-sigilo-funcinal","tag-stf","tag-stj","tag-vazamento","tag-violacao"],"_links":{"self":[{"href":"https:\/\/blogs.correiobraziliense.com.br\/servidor\/wp-json\/wp\/v2\/posts\/12035","targetHints":{"allow":["GET"]}}],"collection":[{"href":"https:\/\/blogs.correiobraziliense.com.br\/servidor\/wp-json\/wp\/v2\/posts"}],"about":[{"href":"https:\/\/blogs.correiobraziliense.com.br\/servidor\/wp-json\/wp\/v2\/types\/post"}],"author":[{"embeddable":true,"href":"https:\/\/blogs.correiobraziliense.com.br\/servidor\/wp-json\/wp\/v2\/users\/27"}],"replies":[{"embeddable":true,"href":"https:\/\/blogs.correiobraziliense.com.br\/servidor\/wp-json\/wp\/v2\/comments?post=12035"}],"version-history":[{"count":1,"href":"https:\/\/blogs.correiobraziliense.com.br\/servidor\/wp-json\/wp\/v2\/posts\/12035\/revisions"}],"predecessor-version":[{"id":12036,"href":"https:\/\/blogs.correiobraziliense.com.br\/servidor\/wp-json\/wp\/v2\/posts\/12035\/revisions\/12036"}],"wp:attachment":[{"href":"https:\/\/blogs.correiobraziliense.com.br\/servidor\/wp-json\/wp\/v2\/media?parent=12035"}],"wp:term":[{"taxonomy":"category","embeddable":true,"href":"https:\/\/blogs.correiobraziliense.com.br\/servidor\/wp-json\/wp\/v2\/categories?post=12035"},{"taxonomy":"post_tag","embeddable":true,"href":"https:\/\/blogs.correiobraziliense.com.br\/servidor\/wp-json\/wp\/v2\/tags?post=12035"}],"curies":[{"name":"wp","href":"https:\/\/api.w.org\/{rel}","templated":true}]}}