{"id":12027,"date":"2019-02-25T20:48:54","date_gmt":"2019-02-25T23:48:54","guid":{"rendered":"https:\/\/blogs.correiobraziliense.com.br\/servidor\/?p=12027"},"modified":"2019-02-25T20:48:54","modified_gmt":"2019-02-25T23:48:54","slug":"empregados-da-valec-fazem-manifestacao-na-esplanada-nesta-terca-26","status":"publish","type":"post","link":"https:\/\/blogs.correiobraziliense.com.br\/servidor\/empregados-da-valec-fazem-manifestacao-na-esplanada-nesta-terca-26\/","title":{"rendered":"Empregados da Valec fazem manifesta\u00e7\u00e3o na Esplanada nesta ter\u00e7a (26)"},"content":{"rendered":"<p><em>A Comiss\u00e3o dos Empregados Concursados da Valec far\u00e1 nesta ter\u00e7a-feira (26), \u00e0s 13h30, uma caminhada at\u00e9 o Congresso Nacional para protestar contra a inten\u00e7\u00e3o de liquida\u00e7\u00e3o da estatal pelo Governo Federal<\/em><\/p>\n<p>Os servidores da Valec, estatal respons\u00e1vel pelas ferrovias brasileiras, far\u00e3o percurso com partida da sede da empresa (SAUS, Quadra 1, Bloco G). A manifesta\u00e7\u00e3o dos servidores acontecer\u00e1 momentos antes de uma audi\u00eancia na Comiss\u00e3o de Infraestrutura do Senado com o objetivo de \u201capresentar as diretrizes e prioridades da pasta\u201d, conforme informa o site do Senado. O ministro da Infraestrutura, Tarc\u00edsio Gomes de Freitas, tem presen\u00e7a confirmada na sess\u00e3o.<\/p>\n<p>Na \u00faltima sexta-feira (22), o servidores da Valec participaram de de audi\u00eancia no Minist\u00e9rio P\u00fablico do Trabalho (MPT) convocada para a discuss\u00e3o de poss\u00edveis irregularidades no poss\u00edvel processo de extin\u00e7\u00e3o da empresa p\u00fablica respons\u00e1vel pelas ferrovias brasileiras. Atualmente Valec possui cerca de 712 empregados efetivos e todos eles est\u00e3o todos eles est\u00e3o sob risco de perderem seus cargos.<\/p>\n<p>As not\u00edcias sobre a amea\u00e7a de demiss\u00e3o t\u00eam preocupado os empregados que atuam na estatal, dentre concursados, empregados antigos e oriundos da Rede Ferrovi\u00e1ria Federal (RFFSA) e do Grupo Executivo de Integra\u00e7\u00e3o da Pol\u00edtica de Transporte (Geipot), org\u00e3os j\u00e1 extintos cujos profissionais foram absorvidos pela Valec. N\u00e3o houve, por\u00e9m, at\u00e9 o momento, qualquer comunica\u00e7\u00e3o oficial sobre uma demiss\u00e3o em massa.<\/p>\n","protected":false},"excerpt":{"rendered":"<p>A Comiss\u00e3o dos Empregados Concursados da Valec far\u00e1 nesta ter\u00e7a-feira (26), \u00e0s 13h30, uma caminhada at\u00e9 o Congresso Nacional para protestar contra a inten\u00e7\u00e3o de liquida\u00e7\u00e3o da estatal pelo Governo Federal Os servidores da Valec, estatal respons\u00e1vel pelas ferrovias brasileiras, far\u00e3o percurso com partida da sede da empresa (SAUS, Quadra 1, Bloco G). A manifesta\u00e7\u00e3o dos servidores acontecer\u00e1 momentos antes [&hellip;]<\/p>\n","protected":false},"author":27,"featured_media":0,"comment_status":"open","ping_status":"closed","sticky":false,"template":"","format":"standard","meta":{"footnotes":""},"categories":[2719],"tags":[1150,1147,693,891,5404,2523,6838,98,487,2520,1151,14773],"class_list":["post-12027","post","type-post","status-publish","format-standard","hentry","category-servidor","tag-comissao","tag-concursados","tag-congresso-nacional","tag-empregados","tag-esplanada","tag-estatal","tag-ferrovias","tag-governo","tag-infraestrutura","tag-liquidacao","tag-manifestacao","tag-valec"],"_links":{"self":[{"href":"https:\/\/blogs.correiobraziliense.com.br\/servidor\/wp-json\/wp\/v2\/posts\/12027","targetHints":{"allow":["GET"]}}],"collection":[{"href":"https:\/\/blogs.correiobraziliense.com.br\/servidor\/wp-json\/wp\/v2\/posts"}],"about":[{"href":"https:\/\/blogs.correiobraziliense.com.br\/servidor\/wp-json\/wp\/v2\/types\/post"}],"author":[{"embeddable":true,"href":"https:\/\/blogs.correiobraziliense.com.br\/servidor\/wp-json\/wp\/v2\/users\/27"}],"replies":[{"embeddable":true,"href":"https:\/\/blogs.correiobraziliense.com.br\/servidor\/wp-json\/wp\/v2\/comments?post=12027"}],"version-history":[{"count":1,"href":"https:\/\/blogs.correiobraziliense.com.br\/servidor\/wp-json\/wp\/v2\/posts\/12027\/revisions"}],"predecessor-version":[{"id":12028,"href":"https:\/\/blogs.correiobraziliense.com.br\/servidor\/wp-json\/wp\/v2\/posts\/12027\/revisions\/12028"}],"wp:attachment":[{"href":"https:\/\/blogs.correiobraziliense.com.br\/servidor\/wp-json\/wp\/v2\/media?parent=12027"}],"wp:term":[{"taxonomy":"category","embeddable":true,"href":"https:\/\/blogs.correiobraziliense.com.br\/servidor\/wp-json\/wp\/v2\/categories?post=12027"},{"taxonomy":"post_tag","embeddable":true,"href":"https:\/\/blogs.correiobraziliense.com.br\/servidor\/wp-json\/wp\/v2\/tags?post=12027"}],"curies":[{"name":"wp","href":"https:\/\/api.w.org\/{rel}","templated":true}]}}