{"id":12009,"date":"2019-02-22T13:31:45","date_gmt":"2019-02-22T16:31:45","guid":{"rendered":"https:\/\/blogs.correiobraziliense.com.br\/servidor\/?p=12009"},"modified":"2019-02-22T13:31:45","modified_gmt":"2019-02-22T16:31:45","slug":"telemedicina-cfm-reconhece-erro-e-revogara-a-resolucao-2227-18","status":"publish","type":"post","link":"https:\/\/blogs.correiobraziliense.com.br\/servidor\/telemedicina-cfm-reconhece-erro-e-revogara-a-resolucao-2227-18\/","title":{"rendered":"Telemedicina &#8211; CFM reconhece erro e revogar\u00e1 a Resolu\u00e7\u00e3o 2227\/18"},"content":{"rendered":"<p><em>Em resposta \u00e0 decis\u00e3o do Conselho Federal de Medicina (CFM), que revogou hoje a resolu\u00e7\u00e3o que oficializava a Telemedicina no pa\u00eds, o presidente do Associa\u00e7\u00e3o Nacional dos M\u00e9dicos Peritos da Previd\u00eancia Social (ANMP), Francisco Cardoso, divulgou mensagem aos colegas com o t\u00edtulo &#8220;Telemedicina -CFM reconhece erro e revogar\u00e1 Resolu\u00e7\u00e3o 2.227\/18&#8221; lembrando que, ao apontar falhas no documento, foi &#8220;amea\u00e7ado, ofendido e achincalhado e chamado de b\u00e1rbaro e atrasado&#8221;. O CFM, em nota, informou ou que &#8220;ap\u00f3s colher a posi\u00e7\u00e3o de seus conselheiros efetivos, revogou a Resolu\u00e7\u00e3o CFM n\u00ba 2.227\/2018, a qual ser\u00e1 oficializada e referendada em sess\u00e3o plen\u00e1ria extraordin\u00e1ria, convocada para o dia 26 de fevereiro de 2019 (ter\u00e7a-feira), em Bras\u00edlia (DF)&#8221;<\/em><\/p>\n<p>Veja o comunicado do presidente da ANMP:<\/p>\n<p>&#8220;Desde antes da publica\u00e7\u00e3o dessa hedionda Resolu\u00e7\u00e3o, eu j\u00e1 havia iniciado protestos e questionamentos por conta de not\u00edcias sobre a mesma que estavam sendo vazadas. O CFM sempre negou quando eu questiona a veracidade das mesmas.<\/p>\n<p>Em 30\/01 fomos surpreendidos com a maior facada nas costas da hist\u00f3ria do CFM &#8211; soubemos dos termos da nova Resolu\u00e7\u00e3o e suas inova\u00e7\u00f5es assassinas do ato m\u00e9dico atrav\u00e9s do dominical Fant\u00e1stico da Rede Globo. Cerca de 1h antes o CFM soltava nota em e-mail.<\/p>\n<p>Desde 30\/01 eu iniciei praticamente sozinho uma luta de conscientiza\u00e7\u00e3o para denunciar os graves equ\u00edvocos do texto e suas repercuss\u00f5es nefastas para a categoria. Para minha surpresa meus textos tiveram alcance nacional. Muitos m\u00e9dicos aderiram \u00e0 luta.<\/p>\n<p>Eu fui amea\u00e7ado, ofendido e achincalhado por mercadores da medicina. Quiseram distorcer a minha motiva\u00e7\u00e3o em defesa da boa medicina atribuindo-a a interesses secund\u00e1rios.<\/p>\n<p>Quiseram diminuir o peso da opini\u00e3o e da mobiliza\u00e7\u00e3o dos m\u00e9dicos. Fui chamado de b\u00e1rbaro e atrasado.<\/p>\n<p>Hoje, 22\/02, o CFM anunciou que a Resolu\u00e7\u00e3o ser\u00e1 revogada.<\/p>\n<p>Esta vit\u00f3ria mostra a todos os m\u00e9dicos a import\u00e2ncia da mobiliza\u00e7\u00e3o coletiva, de n\u00e3o ter medo de dar a cara a tapa e de escolhermos muito bem os nossos representantes nos Conselhos e \u00f3rg\u00e3os representativos. Parab\u00e9ns a todos os colegas que acreditaram.&#8221;<\/p>\n","protected":false},"excerpt":{"rendered":"<p>Em resposta \u00e0 decis\u00e3o do Conselho Federal de Medicina (CFM), que revogou hoje a resolu\u00e7\u00e3o que oficializava a Telemedicina no pa\u00eds, o presidente do Associa\u00e7\u00e3o Nacional dos M\u00e9dicos Peritos da Previd\u00eancia Social (ANMP), Francisco Cardoso, divulgou mensagem aos colegas com o t\u00edtulo &#8220;Telemedicina -CFM reconhece erro e revogar\u00e1 Resolu\u00e7\u00e3o 2.227\/18&#8221; lembrando que, ao apontar falhas no documento, foi &#8220;amea\u00e7ado, ofendido [&hellip;]<\/p>\n","protected":false},"author":27,"featured_media":0,"comment_status":"open","ping_status":"closed","sticky":false,"template":"","format":"standard","meta":{"footnotes":""},"categories":[2719],"tags":[2782,5080,2282,4450,174,14780,14781,14779,14778],"class_list":["post-12009","post","type-post","status-publish","format-standard","hentry","category-servidor","tag-anmp","tag-cfm","tag-erro","tag-falhas","tag-medicos","tag-protesos","tag-questionamento","tag-resolucao-2-222-18","tag-telemedicina"],"_links":{"self":[{"href":"https:\/\/blogs.correiobraziliense.com.br\/servidor\/wp-json\/wp\/v2\/posts\/12009","targetHints":{"allow":["GET"]}}],"collection":[{"href":"https:\/\/blogs.correiobraziliense.com.br\/servidor\/wp-json\/wp\/v2\/posts"}],"about":[{"href":"https:\/\/blogs.correiobraziliense.com.br\/servidor\/wp-json\/wp\/v2\/types\/post"}],"author":[{"embeddable":true,"href":"https:\/\/blogs.correiobraziliense.com.br\/servidor\/wp-json\/wp\/v2\/users\/27"}],"replies":[{"embeddable":true,"href":"https:\/\/blogs.correiobraziliense.com.br\/servidor\/wp-json\/wp\/v2\/comments?post=12009"}],"version-history":[{"count":1,"href":"https:\/\/blogs.correiobraziliense.com.br\/servidor\/wp-json\/wp\/v2\/posts\/12009\/revisions"}],"predecessor-version":[{"id":12010,"href":"https:\/\/blogs.correiobraziliense.com.br\/servidor\/wp-json\/wp\/v2\/posts\/12009\/revisions\/12010"}],"wp:attachment":[{"href":"https:\/\/blogs.correiobraziliense.com.br\/servidor\/wp-json\/wp\/v2\/media?parent=12009"}],"wp:term":[{"taxonomy":"category","embeddable":true,"href":"https:\/\/blogs.correiobraziliense.com.br\/servidor\/wp-json\/wp\/v2\/categories?post=12009"},{"taxonomy":"post_tag","embeddable":true,"href":"https:\/\/blogs.correiobraziliense.com.br\/servidor\/wp-json\/wp\/v2\/tags?post=12009"}],"curies":[{"name":"wp","href":"https:\/\/api.w.org\/{rel}","templated":true}]}}